{"id":1169,"date":"2019-03-18T23:40:47","date_gmt":"2019-03-19T02:40:47","guid":{"rendered":"https:\/\/educacao.ufpr.br\/nesef\/?p=1169"},"modified":"2019-03-27T23:14:30","modified_gmt":"2019-03-28T02:14:30","slug":"circulo-de-cultura-leia-mulheres","status":"publish","type":"post","link":"https:\/\/educacao.ufpr.br\/nesef\/circulo-de-cultura-leia-mulheres\/","title":{"rendered":"C\u00edrculo de cultura Leia Mulheres"},"content":{"rendered":"<p>&nbsp;<\/p>\n<p>O c\u00edrculo de cultura <strong><em>Leia mulheres <\/em><\/strong>tem\u00a0o objetivo de\u00a0promover a leitura de escritos de mulheres de distintos contextos e perspectivas te\u00f3ricas,\u00a0contribuir para a supera\u00e7\u00e3o do silenciamento e da invisibilidade das mulheres como produtoras de conhecimento , exercitar a educa\u00e7\u00e3o popular feminista e descolonial por meio de c\u00edrculos de cultura, al\u00e9m de compartilhar saberes e experi\u00eancias contribuindo para supera\u00e7\u00e3o de pr\u00e1ticas mis\u00f3ginas, sexistas, racistas e discriminat\u00f3rias.<\/p>\n<p>A atividade ocorre com a coordena\u00e7\u00e3o da Prof.\u00aa Dr\u00aa Giselle Moura Schnorr e sob supervis\u00e3o do Prof. Dr. Geraldo B. Horn.<\/p>\n<p><strong>Hor\u00e1rio: <\/strong>13h30 \u00e0s 17h30.<\/p>\n<p><strong>Datas: <\/strong>27\/04; 25\/05; 29\/06; 24\/08; 28\/09; 29\/10; 30\/11<\/p>\n<p><strong>Local: <\/strong>Sala 240 &#8211; UFPR, Edif\u00edcio Teixeira Soares, Campus Rebou\u00e7as &#8211; UFPR<\/p>\n<p><strong>Carga-hor\u00e1ria: <\/strong>60h (atividades presenciais e n\u00e3o-presenciais)<\/p>\n<p><strong>Certifica\u00e7\u00e3o para participantes com 75% acima de frequ\u00eancia.<br \/>\n<\/strong><\/p>\n<p>&nbsp;<\/p>\n<ul>\n<li><strong>Algumas autoras\u00a0<\/strong>(sujeito a adequa\u00e7\u00f5es)<\/li>\n<\/ul>\n<p>\u00c2ngela Davis; bell hooks; Carolina Maria de Jesus; Julieta Paredes; Maria Lacerda de Moura; Maria Lugones; Mary Woostonecraft; Sotunsa Mobolanle Ebunoluwa, Virginia Wolf, Simone de Beauvoir.<\/p>\n<p>&nbsp;<\/p>\n<ul>\n<li><strong>P\u00fablico Priorit\u00e1rio<\/strong><\/li>\n<\/ul>\n<p>a) professoras\/es, t\u00e9cnicos\/as administrativos\/as e estudantes da UFPR (gradua\u00e7\u00e3o e p\u00f3s-gradua\u00e7\u00e3o. b) professoras\/es das redes p\u00fablicas de ensino. c) representantes de coletivos feministas, de organiza\u00e7\u00f5es sociais, associa\u00e7\u00f5es de moradores, educadoras\/es populares.<\/p>\n<p>&nbsp;<\/p>\n<p>Vagas limitadas<\/p>\n<h4><span style=\"color: #ff0000\"><b>Inscri\u00e7\u00f5es encerradas<\/b><\/span><\/h4>\n<p>&nbsp;<\/p>\n","protected":false},"excerpt":{"rendered":"<p>&nbsp; O c\u00edrculo de cultura Leia mulheres tem\u00a0o objetivo de\u00a0promover a leitura de escritos de mulheres de distintos contextos e perspectivas te\u00f3ricas,\u00a0contribuir para a supera\u00e7\u00e3o do silenciamento e da invisibilidade das mulheres como produtoras de conhecimento , exercitar a educa\u00e7\u00e3o&#8230; <a class=\"more-link\" href=\"https:\/\/educacao.ufpr.br\/nesef\/circulo-de-cultura-leia-mulheres\/\">Continue Reading &rarr;<\/a><\/p>\n","protected":false},"author":398,"featured_media":1174,"comment_status":"open","ping_status":"open","sticky":false,"template":"","format":"image","meta":{"_acf_changed":false,"footnotes":""},"categories":[8],"tags":[],"class_list":["post-1169","post","type-post","status-publish","format-image","has-post-thumbnail","hentry","category-atividades","post_format-post-format-image"],"acf":[],"_links":{"self":[{"href":"https:\/\/educacao.ufpr.br\/nesef\/wp-json\/wp\/v2\/posts\/1169","targetHints":{"allow":["GET"]}}],"collection":[{"href":"https:\/\/educacao.ufpr.br\/nesef\/wp-json\/wp\/v2\/posts"}],"about":[{"href":"https:\/\/educacao.ufpr.br\/nesef\/wp-json\/wp\/v2\/types\/post"}],"author":[{"embeddable":true,"href":"https:\/\/educacao.ufpr.br\/nesef\/wp-json\/wp\/v2\/users\/398"}],"replies":[{"embeddable":true,"href":"https:\/\/educacao.ufpr.br\/nesef\/wp-json\/wp\/v2\/comments?post=1169"}],"version-history":[{"count":16,"href":"https:\/\/educacao.ufpr.br\/nesef\/wp-json\/wp\/v2\/posts\/1169\/revisions"}],"predecessor-version":[{"id":1200,"href":"https:\/\/educacao.ufpr.br\/nesef\/wp-json\/wp\/v2\/posts\/1169\/revisions\/1200"}],"wp:featuredmedia":[{"embeddable":true,"href":"https:\/\/educacao.ufpr.br\/nesef\/wp-json\/wp\/v2\/media\/1174"}],"wp:attachment":[{"href":"https:\/\/educacao.ufpr.br\/nesef\/wp-json\/wp\/v2\/media?parent=1169"}],"wp:term":[{"taxonomy":"category","embeddable":true,"href":"https:\/\/educacao.ufpr.br\/nesef\/wp-json\/wp\/v2\/categories?post=1169"},{"taxonomy":"post_tag","embeddable":true,"href":"https:\/\/educacao.ufpr.br\/nesef\/wp-json\/wp\/v2\/tags?post=1169"}],"curies":[{"name":"wp","href":"https:\/\/api.w.org\/{rel}","templated":true}]}}