{"id":1209,"date":"2019-03-29T18:51:58","date_gmt":"2019-03-29T21:51:58","guid":{"rendered":"https:\/\/educacao.ufpr.br\/nesef\/?p=1209"},"modified":"2019-03-29T20:15:31","modified_gmt":"2019-03-29T23:15:31","slug":"programacao-2019-cineclube-jogo-de-cena","status":"publish","type":"post","link":"https:\/\/educacao.ufpr.br\/nesef\/programacao-2019-cineclube-jogo-de-cena\/","title":{"rendered":"Programa\u00e7\u00e3o 2019 Cineclube Jogo de Cena"},"content":{"rendered":"<p>O Cineclube Jogo de Cena traz para 2019 a continuidade das exibi\u00e7\u00f5es e dos debates sobre o cinema novo no Brasil\u00a0 por meio de uma s\u00e9rie de filmes e curtas metragens. As atividades s\u00e3o realizadas pelo grupo de cinema do NESEF. Este \u00e9 o segundo ano de atividades sobre essa tem\u00e1tica e o convite se estende\u00a0 para a comunidade acad\u00eamica, para os amantes do cinema e para a comunidade em geral.<\/p>\n<h5><\/h5>\n<h5><strong>Aruanda (BRA-1959)<\/strong><\/h5>\n<p>Dire\u00e7\u00e3o de Linduarte Noronha. 20min.<\/p>\n<h5><strong>Couro de Gato (BRA-1962)<\/strong><\/h5>\n<p>Dire\u00e7\u00e3o de Joaquim Pedro de Andrade. 12min.<\/p>\n<h5><strong>Arraial do Cabo (BRA-1960)<\/strong><\/h5>\n<p>Dire\u00e7\u00e3o de Paulo Cesar Saraceni e M\u00e1rio Carneiro. 17min.<\/p>\n<p>&nbsp;<\/p>\n<p>Data: 27\/04\/2019 \u00e0s 14h30min (s\u00e1bado)<\/p>\n<p>Local: Sala 232B \u2013 Edif\u00edcio Teixeira Soares \u2013 Campus Rebou\u00e7as<\/p>\n<p>Media\u00e7\u00e3o: Alessandro Reina e Convidado<\/p>\n<p>Links dos Filmes<\/p>\n<p><a href=\"https:\/\/www.youtube.com\/watch?v=xG01gAVn7D0\">https:\/\/www.youtube.com\/watch?v=xG01gAVn7D0<\/a><\/p>\n<p><a href=\"https:\/\/www.youtube.com\/watch?v=9uATt--ua0Y\">https:\/\/www.youtube.com\/watch?v=9uATt&#8211;ua0Y<\/a><\/p>\n<p><a href=\"https:\/\/www.youtube.com\/watch?v=guDKxb8Fr-Y\">https:\/\/www.youtube.com\/watch?v=guDKxb8Fr-Y<\/a><\/p>\n<p>&nbsp;<\/p>\n<hr \/>\n<h5><strong>Barravento (BRA-1962)<\/strong><\/h5>\n<p>Dire\u00e7\u00e3o de Glauber Rocha. 74min.<\/p>\n<p>Data: 29\/06\/2019 \u00e0s 14h30min (s\u00e1bado)<\/p>\n<p>Local: ANFI 400 \u2013 4\u00b0 Andar \u2013 Ed. Dom Pedro I \u2013 Reitoria<\/p>\n<p>Media\u00e7\u00e3o: \u00a0Weliton Tarelho e Douglas Lopes<\/p>\n<p>Link do Filme: <a href=\"https:\/\/www.youtube.com\/watch?v=18z3Ppo9lSw\">https:\/\/www.youtube.com\/watch?v=18z3Ppo9lSw<\/a><\/p>\n<p>&nbsp;<\/p>\n<hr \/>\n<p>&nbsp;<\/p>\n<h5><strong>Grande Cidade (BRA-1966)<\/strong><\/h5>\n<p>Dire\u00e7\u00e3o de Cac\u00e1 Diegues. 80min.<\/p>\n<p>Data: 31\/08\/2019 \u00e0s 14h30min (s\u00e1bado)<\/p>\n<p>Local: ANFI 400 \u2013 4\u00b0 Andar \u2013 Ed. Dom Pedro I \u2013 Reitoria<\/p>\n<p>Media\u00e7\u00e3o: Luiz Alberto Vieira e Ana Vaz<\/p>\n<p>Link do Filme:\u00a0<a href=\"https:\/\/www.youtube.com\/watch?v=9leuI-lVenQ\">https:\/\/www.youtube.com\/watch?v=9leuI-lVenQ<\/a><\/p>\n<p>&nbsp;<\/p>\n<hr \/>\n<p>&nbsp;<\/p>\n<h5><strong>Cinco Vezes Favela (BRA-1962)<\/strong><\/h5>\n<p>Dire\u00e7\u00e3o Cac\u00e1 Diegues, Leon Hirszman, Joaquim Pedro de Andrade, Miguel Borges e Marcos Farias. 92min.<\/p>\n<p>Data: 19\/10\/2019 (s\u00e1bado)<\/p>\n<p>Local: ANFI 400 \u2013 4\u00b0 Andar \u2013 Ed. Dom Pedro I &#8211; Reitoria<\/p>\n<p>Media\u00e7\u00e3o: \u00a0M\u00e1rio Ricetto e Danilo Rocha<\/p>\n<p>Link do Filme:\u00a0\u00a0<a href=\"https:\/\/www.youtube.com\/watch?v=JTcisAwgMM8&amp;t=866s\">https:\/\/www.youtube.com\/watch?v=JTcisAwgMM8&amp;t=866s<\/a><\/p>\n<p>&nbsp;<\/p>\n<hr \/>\n<h5><strong>Rio Zona Norte (BRA-1957)<\/strong><\/h5>\n<p>Dire\u00e7\u00e3o Nelson Pereira dos Santos. 90min.<\/p>\n<p>Data: 07\/12\/2019 (s\u00e1bado)<\/p>\n<p>Local: ANFI 400 \u2013 4\u00b0 Andar \u2013 Ed. Dom Pedro I \u2013 Reitoria<\/p>\n<p>Media\u00e7\u00e3o: \u00a0Fernando Gimenez e Geraldo Horn<\/p>\n<p>Link do Filme: <a href=\"https:\/\/www.youtube.com\/watch?v=DcGBL9PRvvs\">https:\/\/www.youtube.com\/watch?v=DcGBL9PRvvs<\/a><\/p>\n","protected":false},"excerpt":{"rendered":"<p>O Cineclube Jogo de Cena traz para 2019 a continuidade das exibi\u00e7\u00f5es e dos debates sobre o cinema novo no Brasil\u00a0 por meio de uma s\u00e9rie de filmes e curtas metragens. As atividades s\u00e3o realizadas pelo grupo de cinema do&#8230; <a class=\"more-link\" href=\"https:\/\/educacao.ufpr.br\/nesef\/programacao-2019-cineclube-jogo-de-cena\/\">Continue Reading &rarr;<\/a><\/p>\n","protected":false},"author":398,"featured_media":1210,"comment_status":"open","ping_status":"open","sticky":false,"template":"","format":"image","meta":{"_acf_changed":false,"footnotes":""},"categories":[8],"tags":[],"class_list":["post-1209","post","type-post","status-publish","format-image","has-post-thumbnail","hentry","category-atividades","post_format-post-format-image"],"acf":[],"_links":{"self":[{"href":"https:\/\/educacao.ufpr.br\/nesef\/wp-json\/wp\/v2\/posts\/1209","targetHints":{"allow":["GET"]}}],"collection":[{"href":"https:\/\/educacao.ufpr.br\/nesef\/wp-json\/wp\/v2\/posts"}],"about":[{"href":"https:\/\/educacao.ufpr.br\/nesef\/wp-json\/wp\/v2\/types\/post"}],"author":[{"embeddable":true,"href":"https:\/\/educacao.ufpr.br\/nesef\/wp-json\/wp\/v2\/users\/398"}],"replies":[{"embeddable":true,"href":"https:\/\/educacao.ufpr.br\/nesef\/wp-json\/wp\/v2\/comments?post=1209"}],"version-history":[{"count":7,"href":"https:\/\/educacao.ufpr.br\/nesef\/wp-json\/wp\/v2\/posts\/1209\/revisions"}],"predecessor-version":[{"id":1217,"href":"https:\/\/educacao.ufpr.br\/nesef\/wp-json\/wp\/v2\/posts\/1209\/revisions\/1217"}],"wp:featuredmedia":[{"embeddable":true,"href":"https:\/\/educacao.ufpr.br\/nesef\/wp-json\/wp\/v2\/media\/1210"}],"wp:attachment":[{"href":"https:\/\/educacao.ufpr.br\/nesef\/wp-json\/wp\/v2\/media?parent=1209"}],"wp:term":[{"taxonomy":"category","embeddable":true,"href":"https:\/\/educacao.ufpr.br\/nesef\/wp-json\/wp\/v2\/categories?post=1209"},{"taxonomy":"post_tag","embeddable":true,"href":"https:\/\/educacao.ufpr.br\/nesef\/wp-json\/wp\/v2\/tags?post=1209"}],"curies":[{"name":"wp","href":"https:\/\/api.w.org\/{rel}","templated":true}]}}