{"id":129,"date":"2017-06-05T19:53:47","date_gmt":"2017-06-05T19:53:47","guid":{"rendered":"https:\/\/educacao.ufpr.br\/nesef\/?p=129"},"modified":"2017-06-05T19:54:12","modified_gmt":"2017-06-05T19:54:12","slug":"cinema-militante-app-sindicato","status":"publish","type":"post","link":"https:\/\/educacao.ufpr.br\/nesef\/cinema-militante-app-sindicato\/","title":{"rendered":"Cinema Militante APP-Sindicato"},"content":{"rendered":"<h2><\/h2>\n<p><!--more--><\/p>\n<p style=\"text-align: justify\">Escola De Forma\u00e7\u00e3o Politica Sindical E Educacional da APP<\/p>\n<div style=\"text-align: justify\">Convida para participar do curso Cinema Militante<\/div>\n<div style=\"text-align: justify\">Projeto organizado pelo Programa de Educa\u00e7\u00e3o Tutorial da Universidade Federal do Paran\u00e1 (PET) &#8211; Hist\u00f3ria da UFPR em conjunto com a APP e se refere ao cinema pol\u00edtico inspirado nos ideais de maio de 1968, na Europa. Os filmes que ser\u00e3o apresentados e debatidos caracterizam-se por uma interven\u00e7\u00e3o social ou pol\u00edtica (e reveladora) das diversas problem\u00e1ticas sociais<\/div>\n<div style=\"text-align: justify\">Todos os filmes e document\u00e1rios ser\u00e3o comentados por professores\/as e estudantes do PET de hist\u00f3ria da UFPR.<\/div>\n<div style=\"text-align: justify\">O evento comp\u00f5e a Escola de Forma\u00e7\u00e3o da APP-Sindicato e os\/as participantes que cumprirem toda a carga hor\u00e1ria receber\u00e3o o certificado de Extens\u00e3o Universit\u00e1ria pela UFPR. Para mais informa\u00e7\u00f5es e inscri\u00e7\u00f5es entre em contato com a Secretaria de Forma\u00e7\u00e3o da APP-Sindicato: <span lang=\"zxx\"><a href=\"mailto:formacao@app.com.br\" target=\"_blank\" rel=\"nofollow\">formacao@app.com.br<\/a><\/span> e\/ou <a href=\"mailto:edmilsonleite@app.com.br\">edmilsonleite@app.com.br<\/a><\/div>\n<div style=\"text-align: justify\"><\/div>\n<div style=\"text-align: justify\">\n<p>TEMAS e DATAS<\/p>\n<div>Autoritarismo<\/div>\n<div>-Par\u00e1gafo175- document\u00e1rio sobre a persegui\u00e7\u00e3o dos homossexuais durante o nazismo<\/div>\n<div>Comentadores: Davi e Alexandre &#8211; PET Hist\u00f3ria<\/div>\n<div>&#8211; O labirinto do Fauno<\/div>\n<div>&#8211; Data de realiza\u00e7\u00e3o: 1a.sess\u00e3o dias 21 e 22 de maio,18h30 \u00e0s 21h30,<br \/>\n&#8211; Local: nova Sede Estadualda APP-Sindicato, AV IGUA\u00c7\u00da, 880, 3\u00ba and, Curitiba.<\/div>\n<\/div>\n<div style=\"text-align: justify\">Anos 1950 &#8211; cr\u00edtica ao marcathismo e a Guerra Fria (literatura e cinema)<\/div>\n<div style=\"text-align: justify\">&#8211; Atomic caf\u00e9 &#8211; document\u00e1rio&#8230;&#8230;&#8230;&#8230;.<\/div>\n<div style=\"text-align: justify\">&#8211; As Horas &#8211; aborda a mulher nos anos 1950 e da adapta\u00e7\u00e3o de Virg\u00ednia Woolf ao cinema.<\/div>\n<div style=\"text-align: justify\">Data de realiza\u00e7\u00e3o: 05 e 06 de junho, das 18h30 \u00e0s 21h30, na sede estadual da APP-Sindicato, Curitiba<\/div>\n<div style=\"text-align: justify\"><\/div>\n<div style=\"text-align: justify\">Preconceito \/ Etonocentrismo<\/div>\n<div style=\"text-align: justify\">-Rompendo o sil\u00eancio &#8211; uma sele\u00e7\u00e3o de v\u00e1rios curtas sobre o holocausto e a Segunda Guerra Mundial.<\/div>\n<div style=\"text-align: justify\">-Filmes ruins ,\u00e1rabes malvados &#8211; document\u00e1rio sobre a imagem distorcida que Hollywood faz dos \u00c1rabes no cinema.<\/div>\n<div style=\"text-align: justify\">Data de realiza\u00e7\u00e3o: 04 e 05 de setembro, das 18h30 \u00e0s 21h30, na sede estadual da APP-Sindicato, Curitiba<\/div>\n<div style=\"text-align: justify\"><\/div>\n<div style=\"text-align: justify\">Ditadura no Brasil;<\/div>\n<div style=\"text-align: justify\">-Dzi Crioquetes- document\u00e1rio sobre conflitos de renego durante a ditadura<\/div>\n<div style=\"text-align: justify\">-O ano em que meus pais sa\u00edram de f\u00e9rias-<\/div>\n<div style=\"text-align: justify\">Data de realiza\u00e7\u00e3o: 09 e 10 de outubro, das 18h30 \u00e0s 21h30, na sede estadual da APP-Sindicato, Curitiba<\/div>\n","protected":false},"excerpt":{"rendered":"","protected":false},"author":398,"featured_media":0,"comment_status":"open","ping_status":"open","sticky":false,"template":"","format":"standard","meta":{"_acf_changed":false,"footnotes":""},"categories":[1],"tags":[],"class_list":["post-129","post","type-post","status-publish","format-standard","hentry","category-sem-categoria"],"acf":[],"_links":{"self":[{"href":"https:\/\/educacao.ufpr.br\/nesef\/wp-json\/wp\/v2\/posts\/129","targetHints":{"allow":["GET"]}}],"collection":[{"href":"https:\/\/educacao.ufpr.br\/nesef\/wp-json\/wp\/v2\/posts"}],"about":[{"href":"https:\/\/educacao.ufpr.br\/nesef\/wp-json\/wp\/v2\/types\/post"}],"author":[{"embeddable":true,"href":"https:\/\/educacao.ufpr.br\/nesef\/wp-json\/wp\/v2\/users\/398"}],"replies":[{"embeddable":true,"href":"https:\/\/educacao.ufpr.br\/nesef\/wp-json\/wp\/v2\/comments?post=129"}],"version-history":[{"count":2,"href":"https:\/\/educacao.ufpr.br\/nesef\/wp-json\/wp\/v2\/posts\/129\/revisions"}],"predecessor-version":[{"id":131,"href":"https:\/\/educacao.ufpr.br\/nesef\/wp-json\/wp\/v2\/posts\/129\/revisions\/131"}],"wp:attachment":[{"href":"https:\/\/educacao.ufpr.br\/nesef\/wp-json\/wp\/v2\/media?parent=129"}],"wp:term":[{"taxonomy":"category","embeddable":true,"href":"https:\/\/educacao.ufpr.br\/nesef\/wp-json\/wp\/v2\/categories?post=129"},{"taxonomy":"post_tag","embeddable":true,"href":"https:\/\/educacao.ufpr.br\/nesef\/wp-json\/wp\/v2\/tags?post=129"}],"curies":[{"name":"wp","href":"https:\/\/api.w.org\/{rel}","templated":true}]}}