{"id":133,"date":"2017-06-05T19:56:08","date_gmt":"2017-06-05T19:56:08","guid":{"rendered":"https:\/\/educacao.ufpr.br\/nesef\/?p=133"},"modified":"2017-06-05T19:56:20","modified_gmt":"2017-06-05T19:56:20","slug":"projeto-cinema-escola-e-filosofia-sessao-cineclubista-01062012","status":"publish","type":"post","link":"https:\/\/educacao.ufpr.br\/nesef\/projeto-cinema-escola-e-filosofia-sessao-cineclubista-01062012\/","title":{"rendered":"Projeto Cinema, Escola e Filosofia: Sess\u00e3o Cineclubista 01\/06\/2012"},"content":{"rendered":"<h2><\/h2>\n<p><!--more--><\/p>\n<h2 style=\"text-align: justify\">Caros colegas e amigos do NESEF,<\/h2>\n<p style=\"text-align: justify\">Convido a todos a participarem da nossa Segunda Sess\u00e3o Cineclubista do ano de 2012 \u00e0 ser realizada na sala de v\u00eddeo do Col\u00e9gio Estadual Padre Cl\u00e1udio Morelli no dia 01\/06\/2012 com in\u00edcio \u00e1s 19h. Abaixo Seguem os dados do evento.<\/p>\n<p style=\"text-align: justify\"><strong>Filme:<\/strong>\u00a0Sociedade dos Poetas\u00a0Mortos<br \/>\n<strong>Dire\u00e7\u00e3o:<\/strong>\u00a0Peter Weier<br \/>\n<strong>Ano:\u00a0<\/strong> 1989<br \/>\n<strong>Pa\u00eds:<\/strong> EUA<br \/>\n<strong>Dura\u00e7\u00e3o:<\/strong> 128 min<\/p>\n<p style=\"text-align: justify\"><strong>Local:<\/strong>\u00a0Col\u00e9gio Estadual Padre Cl\u00e1udio Morelli.<br \/>\n<strong>Endere\u00e7o:\u00a0<\/strong>Rua Luiz Nichele, 08 &#8211; Bairro Umbar\u00e1 &#8211; Curitiba &#8211; Pr &#8211; CEP -81940-290<br \/>\n<strong>Data:\u00a0<\/strong>01\/06\/2012 &#8211; Sexta-Feira<br \/>\n<strong>Hor\u00e1rio:\u00a0<\/strong>19h<br \/>\n<strong>Respons\u00e1veis:\u00a0<\/strong>Prof.\u00a0Alessandro Reina<br \/>\n<strong>Contato:\u00a0<\/strong>alessandroreina@yahoo.com.br<\/p>\n","protected":false},"excerpt":{"rendered":"","protected":false},"author":398,"featured_media":0,"comment_status":"open","ping_status":"open","sticky":false,"template":"","format":"standard","meta":{"_acf_changed":false,"footnotes":""},"categories":[1],"tags":[],"class_list":["post-133","post","type-post","status-publish","format-standard","hentry","category-sem-categoria"],"acf":[],"_links":{"self":[{"href":"https:\/\/educacao.ufpr.br\/nesef\/wp-json\/wp\/v2\/posts\/133","targetHints":{"allow":["GET"]}}],"collection":[{"href":"https:\/\/educacao.ufpr.br\/nesef\/wp-json\/wp\/v2\/posts"}],"about":[{"href":"https:\/\/educacao.ufpr.br\/nesef\/wp-json\/wp\/v2\/types\/post"}],"author":[{"embeddable":true,"href":"https:\/\/educacao.ufpr.br\/nesef\/wp-json\/wp\/v2\/users\/398"}],"replies":[{"embeddable":true,"href":"https:\/\/educacao.ufpr.br\/nesef\/wp-json\/wp\/v2\/comments?post=133"}],"version-history":[{"count":2,"href":"https:\/\/educacao.ufpr.br\/nesef\/wp-json\/wp\/v2\/posts\/133\/revisions"}],"predecessor-version":[{"id":135,"href":"https:\/\/educacao.ufpr.br\/nesef\/wp-json\/wp\/v2\/posts\/133\/revisions\/135"}],"wp:attachment":[{"href":"https:\/\/educacao.ufpr.br\/nesef\/wp-json\/wp\/v2\/media?parent=133"}],"wp:term":[{"taxonomy":"category","embeddable":true,"href":"https:\/\/educacao.ufpr.br\/nesef\/wp-json\/wp\/v2\/categories?post=133"},{"taxonomy":"post_tag","embeddable":true,"href":"https:\/\/educacao.ufpr.br\/nesef\/wp-json\/wp\/v2\/tags?post=133"}],"curies":[{"name":"wp","href":"https:\/\/api.w.org\/{rel}","templated":true}]}}