{"id":159,"date":"2017-06-05T20:44:26","date_gmt":"2017-06-05T20:44:26","guid":{"rendered":"https:\/\/educacao.ufpr.br\/nesef\/?p=159"},"modified":"2017-06-05T20:44:45","modified_gmt":"2017-06-05T20:44:45","slug":"encontro-sobre-ensino-de-filosofia-fafiuv-uniao-da-vitoria-pr","status":"publish","type":"post","link":"https:\/\/educacao.ufpr.br\/nesef\/encontro-sobre-ensino-de-filosofia-fafiuv-uniao-da-vitoria-pr\/","title":{"rendered":"Encontro Sobre Ensino de Filosofia &#8211; FAFIUV (Uni\u00e3o da Vit\u00f3ria-PR)"},"content":{"rendered":"<h2><\/h2>\n<p><!--more--><\/p>\n<p style=\"text-align: justify\">II ENCONTRO SOBRE ENSINO DE FILOSOFIA<\/p>\n<p style=\"text-align: justify\"><strong>Data:<\/strong> 15\/08\/2012<br \/>\n<strong>T\u00edtulo:<\/strong> II ENCONTRO SOBRE ENSINO DE FILOSOFIA<br \/>\n<strong>Tema:<\/strong> &#8220;A FILOSOFIA NO ENSINO M\u00c9DIO: CONDI\u00c7\u00d5ES ATUAIS E DESAFIOS&#8221;<br \/>\n<strong>Local:<\/strong> FAFIUV &#8211; Sala Multim\u00eddia<br \/>\n<strong>Organiza\u00e7\u00e3o:<\/strong> Colegiado de Filosofia da FAFIUV- Campus UNESPAR e APP-Sindicato &#8211; N\u00facleo de Uni\u00e3o da Vit\u00f3ria<br \/>\n<strong>Apoio:<\/strong> N\u00facleo Regional de Educa\u00e7\u00e3o de Uni\u00e3o da Vit\u00f3ria<br \/>\nInscri\u00e7\u00f5es at\u00e9 10\/08 &#8211; e-mail: <a href=\"mailto:encontroensinodefilosofia@gmail.com\">encontroensinodefilosofia@gmail.com<\/a><\/p>\n<p style=\"text-align: justify\"><strong>Objetivos:<\/strong><br \/>\n&#8211; Promover a socializa\u00e7\u00e3o de experi\u00eancias sobre Ensino de Filosofia nas Escolas da Regi\u00e3o do Vale do Igua\u00e7u.<br \/>\n&#8211; Propiciar momento de forma\u00e7\u00e3o acerca do Ensino de Filosofia.<br \/>\n&#8211; Analisar a conjuntura educacional com destaque ao Ensino de Filosofia.<br \/>\n&#8211; Constituir um Coletivo Regional sobre o Ensino de Filosofia.<\/p>\n<p style=\"text-align: justify\"><strong>Programa\u00e7\u00e3o:<\/strong><br \/>\nManh\u00e3<br \/>\n8h00 \u00e0s 11h30 &#8211; Relatos de Experi\u00eancias sobre Ensino de Filosofia<br \/>\nEnvio de resumos at\u00e9 10\/08.<br \/>\nPodem inscrever relatos de experi\u00eancias: Professores\/as de filosofia e estudantes de 3\u00b0 e 4\u00b0 ano (relatos de experi\u00eancias de est\u00e1gio e\/ou estudos acerca do ensino de filosofia)<br \/>\nTempo de cada relato: 10 min.<\/p>\n<p style=\"text-align: justify\"><strong>Tarde<\/strong><br \/>\n13h30 &#8211; Abertura (APP\/FAFIUV\/CEE\/NRE\/CAFIL) e breve apresenta\u00e7\u00e3o dos professores\/as e\/ou escolas presentes<br \/>\n14h00 &#8211; O processo hist\u00f3rico da Filosofia como disciplina no Estado do Paran\u00e1, a constitui\u00e7\u00e3o e os objetivos do Coletivo Estadual de Professores de Filosofia de Paran\u00e1 &#8211; Prof. Dr. Geraldo Bauduino Horn (NESEF\/UFPR) e Edmilson Feliciano Leite (APP-Sindicato).<br \/>\n15h00 &#8211; A disciplina Filosofia no \u00e2mbito das pol\u00edticas educacionais atuais: possibilidades e limites. Prof. Dr. Domenico Costella (Conselho Estadual de Educa\u00e7\u00e3o)<br \/>\n15h45 &#8211; Intervalo<br \/>\n16h00 &#8211; Debate e encaminhamentos quanto ao Coletivo de Professores Filosofia do Vale do Igua\u00e7u.<br \/>\n17h00 &#8211; Encerramento &#8211; Teatro<\/p>\n<p style=\"text-align: justify\"><strong>Noite<\/strong><br \/>\n19h00 &#8211; Boas vindas e Apresenta\u00e7\u00e3o da Banda &#8220;Os Sofistas.<br \/>\nComposi\u00e7\u00e3o da mesa com representantes: Colegiado de Filosofia FAFIUV; APP-Sindicato (NSUVA e Dire\u00e7\u00e3o Estadual); NRE; CAFIL<br \/>\n19h30 &#8211; Breve relato das atividades da manh\u00e3 e tarde.<br \/>\n20h00 &#8211; Palestra: &#8220;A Filosofia na Contemporaneidade e suas contribui\u00e7\u00f5es na forma\u00e7\u00e3o dos jovens.&#8221; Prof. Dr. Domenico Costella (CEE-PR)<br \/>\n20h45 &#8211; Palestra: &#8220;Possibilidades te\u00f3rico-metodol\u00f3gicas no Ensino de Filosofia.&#8221; Prof. Dr. Geraldo B. Horn (UFPR)<br \/>\n21h30 &#8211; Debate e Encaminhamentos<br \/>\n22h15 &#8211; Encerramento<\/p>\n<p style=\"text-align: justify\"><strong>Informa\u00e7\u00f5es:<\/strong><br \/>\nFAFIUV- Colegiado de Filosofia: (42) 3521-9100<\/p>\n","protected":false},"excerpt":{"rendered":"","protected":false},"author":398,"featured_media":0,"comment_status":"open","ping_status":"open","sticky":false,"template":"","format":"standard","meta":{"_acf_changed":false,"footnotes":""},"categories":[1],"tags":[],"class_list":["post-159","post","type-post","status-publish","format-standard","hentry","category-sem-categoria"],"acf":[],"_links":{"self":[{"href":"https:\/\/educacao.ufpr.br\/nesef\/wp-json\/wp\/v2\/posts\/159","targetHints":{"allow":["GET"]}}],"collection":[{"href":"https:\/\/educacao.ufpr.br\/nesef\/wp-json\/wp\/v2\/posts"}],"about":[{"href":"https:\/\/educacao.ufpr.br\/nesef\/wp-json\/wp\/v2\/types\/post"}],"author":[{"embeddable":true,"href":"https:\/\/educacao.ufpr.br\/nesef\/wp-json\/wp\/v2\/users\/398"}],"replies":[{"embeddable":true,"href":"https:\/\/educacao.ufpr.br\/nesef\/wp-json\/wp\/v2\/comments?post=159"}],"version-history":[{"count":2,"href":"https:\/\/educacao.ufpr.br\/nesef\/wp-json\/wp\/v2\/posts\/159\/revisions"}],"predecessor-version":[{"id":161,"href":"https:\/\/educacao.ufpr.br\/nesef\/wp-json\/wp\/v2\/posts\/159\/revisions\/161"}],"wp:attachment":[{"href":"https:\/\/educacao.ufpr.br\/nesef\/wp-json\/wp\/v2\/media?parent=159"}],"wp:term":[{"taxonomy":"category","embeddable":true,"href":"https:\/\/educacao.ufpr.br\/nesef\/wp-json\/wp\/v2\/categories?post=159"},{"taxonomy":"post_tag","embeddable":true,"href":"https:\/\/educacao.ufpr.br\/nesef\/wp-json\/wp\/v2\/tags?post=159"}],"curies":[{"name":"wp","href":"https:\/\/api.w.org\/{rel}","templated":true}]}}