{"id":215,"date":"2017-06-05T21:12:26","date_gmt":"2017-06-05T21:12:26","guid":{"rendered":"https:\/\/educacao.ufpr.br\/nesef\/?p=215"},"modified":"2017-06-05T21:12:38","modified_gmt":"2017-06-05T21:12:38","slug":"encerramento_atividades-do-nesef","status":"publish","type":"post","link":"https:\/\/educacao.ufpr.br\/nesef\/encerramento_atividades-do-nesef\/","title":{"rendered":"Encerramento_atividades do NESEF"},"content":{"rendered":"<h2><\/h2>\n<p><!--more--><\/p>\n<p style=\"text-align: justify\">DIA: <strong>18\/04 \u2013 quarta-feira<\/strong><\/p>\n<p style=\"text-align: justify\">LOCAL: <strong>ANFI 400 \u2013 4\u00ba andar<\/strong><\/p>\n<p style=\"text-align: justify\">PROGRAMA\u00c7\u00c3O:<\/p>\n<p style=\"text-align: justify\"><strong>&#8211; das 13:30 \u00e0s 14:30<\/strong>: reuni\u00e3o com todos os orientandos do mestrado e doutorado(s\u00f3 para os orientando);<\/p>\n<p style=\"text-align: justify\"><strong>&#8211; das 14:30 \u00e0s 15:45<\/strong>: apresenta\u00e7\u00e3o de dos trabalhos do PDE: um trabalho do PDE 2012 outro de 2013; e dois relatos de Pr\u00e1tica de Ensino Doc\u00eancia II em Filosofia;<\/p>\n<p style=\"text-align: justify\"><strong>&#8211; \u00a0das 15:45 \u00e0s 16:00<\/strong> \u2013 intervalo;<\/p>\n<p style=\"text-align: justify\"><strong>&#8211; das 16:00 \u00e0s 17:15<\/strong> \u2013 pr\u00e9-defesa do Alessandro (apresenta\u00e7\u00e3o de 20min. e duas leituras cr\u00edticas de 15min. cada, mais \u00a0contribui\u00e7\u00f5es\/contribui\u00e7\u00f5es dos presentes);<\/p>\n<p style=\"text-align: justify\"><strong>&#8211; das 17:15 \u00e0s 18:00<\/strong> \u2013 avalia\u00e7\u00e3o final das atividades de 2013.<\/p>\n<p style=\"text-align: justify\"><strong>&#8211; 18:00<\/strong> \u2013 confraterniza\u00e7\u00e3o<\/p>\n<p style=\"text-align: justify\">Geraldo Baldu\u00edno Horn (Organizador)<\/p>\n","protected":false},"excerpt":{"rendered":"","protected":false},"author":398,"featured_media":0,"comment_status":"open","ping_status":"open","sticky":false,"template":"","format":"standard","meta":{"_acf_changed":false,"footnotes":""},"categories":[1],"tags":[],"class_list":["post-215","post","type-post","status-publish","format-standard","hentry","category-sem-categoria"],"acf":[],"_links":{"self":[{"href":"https:\/\/educacao.ufpr.br\/nesef\/wp-json\/wp\/v2\/posts\/215","targetHints":{"allow":["GET"]}}],"collection":[{"href":"https:\/\/educacao.ufpr.br\/nesef\/wp-json\/wp\/v2\/posts"}],"about":[{"href":"https:\/\/educacao.ufpr.br\/nesef\/wp-json\/wp\/v2\/types\/post"}],"author":[{"embeddable":true,"href":"https:\/\/educacao.ufpr.br\/nesef\/wp-json\/wp\/v2\/users\/398"}],"replies":[{"embeddable":true,"href":"https:\/\/educacao.ufpr.br\/nesef\/wp-json\/wp\/v2\/comments?post=215"}],"version-history":[{"count":2,"href":"https:\/\/educacao.ufpr.br\/nesef\/wp-json\/wp\/v2\/posts\/215\/revisions"}],"predecessor-version":[{"id":217,"href":"https:\/\/educacao.ufpr.br\/nesef\/wp-json\/wp\/v2\/posts\/215\/revisions\/217"}],"wp:attachment":[{"href":"https:\/\/educacao.ufpr.br\/nesef\/wp-json\/wp\/v2\/media?parent=215"}],"wp:term":[{"taxonomy":"category","embeddable":true,"href":"https:\/\/educacao.ufpr.br\/nesef\/wp-json\/wp\/v2\/categories?post=215"},{"taxonomy":"post_tag","embeddable":true,"href":"https:\/\/educacao.ufpr.br\/nesef\/wp-json\/wp\/v2\/tags?post=215"}],"curies":[{"name":"wp","href":"https:\/\/api.w.org\/{rel}","templated":true}]}}