{"id":228,"date":"2017-06-05T21:19:13","date_gmt":"2017-06-05T21:19:13","guid":{"rendered":"https:\/\/educacao.ufpr.br\/nesef\/?p=228"},"modified":"2017-06-05T21:19:44","modified_gmt":"2017-06-05T21:19:44","slug":"228","status":"publish","type":"post","link":"https:\/\/educacao.ufpr.br\/nesef\/228\/","title":{"rendered":""},"content":{"rendered":"<h2>PRIMEIRA SESS\u00c3O CINECLUBE NESEF-UFPR<\/h2>\n<p id=\"imagemNoticia\"><img decoding=\"async\" src=\"http:\/\/www.nesef.com.br\/imagens\/slide1.jpg\" alt=\"Imagem: slide1.jpg\" \/><\/p>\n<p><!--more--><\/p>\n<p><strong>CINECLUBE NESEF-UFPR CONVIDA:<\/strong><\/p>\n<p style=\"text-align: justify\">\u00a0No dia 07\/05\/2014 \u00e1s 18h30 min, teremos a primeira exibi\u00e7\u00e3o do Cineclube NESEF-UFPR que ocorrer\u00e1 no Anfiteatro 400 &#8211; 4\u00b0 andar do Edif\u00edcio Dom Pedro I na UFPR-Reitoria. A programa\u00e7\u00e3o anual ter\u00e1 como tema &#8220;uma leitura da pol\u00edtica latino-americana a partir dos filmes&#8221;.O filme de estr\u00e9ia ser\u00e1 o document\u00e1rio &#8220;Ao Sul da Fronteira&#8221; do diretor Oliver Stone, que viajou por seis pa\u00edses da Am\u00e9rica do Sul e ainda Cuba, em uma tentativa de compreender o fen\u00f4meno que os levou a ter governos de esquerda na primeira d\u00e9cada do s\u00e9culo XXI.<\/p>\n<p style=\"text-align: justify\">Organiza\u00e7\u00e3o: Prof. Me. Alessandro Reina e Prof. Me. Wilson Jos\u00e9 Vieira<\/p>\n<p style=\"text-align: justify\">Coordena\u00e7\u00e3o Geral: Prof. Dr. Geraldo Baldu\u00edno Horn<\/p>\n","protected":false},"excerpt":{"rendered":"<p>PRIMEIRA SESS\u00c3O CINECLUBE NESEF-UFPR<\/p>\n","protected":false},"author":398,"featured_media":0,"comment_status":"open","ping_status":"open","sticky":false,"template":"","format":"standard","meta":{"_acf_changed":false,"footnotes":""},"categories":[1],"tags":[],"class_list":["post-228","post","type-post","status-publish","format-standard","hentry","category-sem-categoria"],"acf":[],"_links":{"self":[{"href":"https:\/\/educacao.ufpr.br\/nesef\/wp-json\/wp\/v2\/posts\/228","targetHints":{"allow":["GET"]}}],"collection":[{"href":"https:\/\/educacao.ufpr.br\/nesef\/wp-json\/wp\/v2\/posts"}],"about":[{"href":"https:\/\/educacao.ufpr.br\/nesef\/wp-json\/wp\/v2\/types\/post"}],"author":[{"embeddable":true,"href":"https:\/\/educacao.ufpr.br\/nesef\/wp-json\/wp\/v2\/users\/398"}],"replies":[{"embeddable":true,"href":"https:\/\/educacao.ufpr.br\/nesef\/wp-json\/wp\/v2\/comments?post=228"}],"version-history":[{"count":2,"href":"https:\/\/educacao.ufpr.br\/nesef\/wp-json\/wp\/v2\/posts\/228\/revisions"}],"predecessor-version":[{"id":230,"href":"https:\/\/educacao.ufpr.br\/nesef\/wp-json\/wp\/v2\/posts\/228\/revisions\/230"}],"wp:attachment":[{"href":"https:\/\/educacao.ufpr.br\/nesef\/wp-json\/wp\/v2\/media?parent=228"}],"wp:term":[{"taxonomy":"category","embeddable":true,"href":"https:\/\/educacao.ufpr.br\/nesef\/wp-json\/wp\/v2\/categories?post=228"},{"taxonomy":"post_tag","embeddable":true,"href":"https:\/\/educacao.ufpr.br\/nesef\/wp-json\/wp\/v2\/tags?post=228"}],"curies":[{"name":"wp","href":"https:\/\/api.w.org\/{rel}","templated":true}]}}