{"id":2315,"date":"2020-07-29T21:40:09","date_gmt":"2020-07-30T00:40:09","guid":{"rendered":"https:\/\/educacao.ufpr.br\/nesef\/?p=2315"},"modified":"2020-08-23T11:12:58","modified_gmt":"2020-08-23T14:12:58","slug":"sisifo-julho-2020","status":"publish","type":"post","link":"https:\/\/educacao.ufpr.br\/nesef\/sisifo-julho-2020\/","title":{"rendered":"O S\u00edsifo &#8211; Julho\/2020"},"content":{"rendered":"<p>Este n\u00famero, vig\u00e9sima quinta edi\u00e7\u00e3o, traz as vozes dos psic\u00f3logos\/as e psicanalistas a partir de diferentes perspectivas, reflex\u00f5es e an\u00e1lises.<\/p>\n<p><strong>O link para acessar a edi\u00e7\u00e3o completa est\u00e1 logo abaixo.<br \/>\n<\/strong><\/p>\n<p><a href=\"https:\/\/educacao.ufpr.br\/nesef\/wp-content\/uploads\/sites\/10\/2020\/07\/JORNAL-O-S\u00cdSIFO-VOL-3-N\u00ba-7-JULHO-2020.pdf\">JORNAL O S\u00cdSIFO (VOL 3 &#8211; N\u00ba 7 &#8211; JULHO &#8211; 2020)<\/a><\/p>\n","protected":false},"excerpt":{"rendered":"<p>Este n\u00famero, vig\u00e9sima quinta edi\u00e7\u00e3o, traz as vozes dos psic\u00f3logos\/as e psicanalistas a partir de diferentes perspectivas, reflex\u00f5es e an\u00e1lises. O link para acessar a edi\u00e7\u00e3o completa est\u00e1 logo abaixo. JORNAL O S\u00cdSIFO (VOL 3 &#8211; N\u00ba 7 &#8211; JULHO&#8230; <a class=\"more-link\" href=\"https:\/\/educacao.ufpr.br\/nesef\/sisifo-julho-2020\/\">Continue Reading &rarr;<\/a><\/p>\n","protected":false},"author":398,"featured_media":2413,"comment_status":"open","ping_status":"open","sticky":false,"template":"","format":"standard","meta":{"_acf_changed":false,"footnotes":""},"categories":[40],"tags":[41],"class_list":["post-2315","post","type-post","status-publish","format-standard","has-post-thumbnail","hentry","category-edicoes-2020","tag-o-sisifo"],"acf":[],"_links":{"self":[{"href":"https:\/\/educacao.ufpr.br\/nesef\/wp-json\/wp\/v2\/posts\/2315","targetHints":{"allow":["GET"]}}],"collection":[{"href":"https:\/\/educacao.ufpr.br\/nesef\/wp-json\/wp\/v2\/posts"}],"about":[{"href":"https:\/\/educacao.ufpr.br\/nesef\/wp-json\/wp\/v2\/types\/post"}],"author":[{"embeddable":true,"href":"https:\/\/educacao.ufpr.br\/nesef\/wp-json\/wp\/v2\/users\/398"}],"replies":[{"embeddable":true,"href":"https:\/\/educacao.ufpr.br\/nesef\/wp-json\/wp\/v2\/comments?post=2315"}],"version-history":[{"count":12,"href":"https:\/\/educacao.ufpr.br\/nesef\/wp-json\/wp\/v2\/posts\/2315\/revisions"}],"predecessor-version":[{"id":2417,"href":"https:\/\/educacao.ufpr.br\/nesef\/wp-json\/wp\/v2\/posts\/2315\/revisions\/2417"}],"wp:featuredmedia":[{"embeddable":true,"href":"https:\/\/educacao.ufpr.br\/nesef\/wp-json\/wp\/v2\/media\/2413"}],"wp:attachment":[{"href":"https:\/\/educacao.ufpr.br\/nesef\/wp-json\/wp\/v2\/media?parent=2315"}],"wp:term":[{"taxonomy":"category","embeddable":true,"href":"https:\/\/educacao.ufpr.br\/nesef\/wp-json\/wp\/v2\/categories?post=2315"},{"taxonomy":"post_tag","embeddable":true,"href":"https:\/\/educacao.ufpr.br\/nesef\/wp-json\/wp\/v2\/tags?post=2315"}],"curies":[{"name":"wp","href":"https:\/\/api.w.org\/{rel}","templated":true}]}}