{"id":2335,"date":"2020-08-01T22:15:39","date_gmt":"2020-08-02T01:15:39","guid":{"rendered":"https:\/\/educacao.ufpr.br\/nesef\/?p=2335"},"modified":"2020-11-30T11:44:20","modified_gmt":"2020-11-30T14:44:20","slug":"radio-camelia-ufpr-nesef-hiperbolico-educacao-e-tecnologias-prof-mario-amorim-utfpr","status":"publish","type":"post","link":"https:\/\/educacao.ufpr.br\/nesef\/radio-camelia-ufpr-nesef-hiperbolico-educacao-e-tecnologias-prof-mario-amorim-utfpr\/","title":{"rendered":"R\u00e1dio Cam\u00e9lia\/UFPR\/NESEF\/Hiperb\u00f3lico &#8211; Educa\u00e7\u00e3o e Tecnologias &#8211; Prof. M\u00e1rio Amorim &#8211; UTFPR"},"content":{"rendered":"<p><iframe width=\"676\" height=\"380\" src=\"https:\/\/www.youtube.com\/embed\/ep1hjY_dUpE?feature=oembed\" frameborder=\"0\" allow=\"accelerometer; autoplay; clipboard-write; encrypted-media; gyroscope; picture-in-picture\" allowfullscreen><\/iframe><\/p>\n","protected":false},"excerpt":{"rendered":"","protected":false},"author":398,"featured_media":0,"comment_status":"open","ping_status":"open","sticky":false,"template":"","format":"standard","meta":{"_acf_changed":false,"footnotes":""},"categories":[10],"tags":[],"class_list":["post-2335","post","type-post","status-publish","format-standard","hentry","category-ultimas-publicacoes"],"acf":[],"_links":{"self":[{"href":"https:\/\/educacao.ufpr.br\/nesef\/wp-json\/wp\/v2\/posts\/2335","targetHints":{"allow":["GET"]}}],"collection":[{"href":"https:\/\/educacao.ufpr.br\/nesef\/wp-json\/wp\/v2\/posts"}],"about":[{"href":"https:\/\/educacao.ufpr.br\/nesef\/wp-json\/wp\/v2\/types\/post"}],"author":[{"embeddable":true,"href":"https:\/\/educacao.ufpr.br\/nesef\/wp-json\/wp\/v2\/users\/398"}],"replies":[{"embeddable":true,"href":"https:\/\/educacao.ufpr.br\/nesef\/wp-json\/wp\/v2\/comments?post=2335"}],"version-history":[{"count":2,"href":"https:\/\/educacao.ufpr.br\/nesef\/wp-json\/wp\/v2\/posts\/2335\/revisions"}],"predecessor-version":[{"id":2656,"href":"https:\/\/educacao.ufpr.br\/nesef\/wp-json\/wp\/v2\/posts\/2335\/revisions\/2656"}],"wp:attachment":[{"href":"https:\/\/educacao.ufpr.br\/nesef\/wp-json\/wp\/v2\/media?parent=2335"}],"wp:term":[{"taxonomy":"category","embeddable":true,"href":"https:\/\/educacao.ufpr.br\/nesef\/wp-json\/wp\/v2\/categories?post=2335"},{"taxonomy":"post_tag","embeddable":true,"href":"https:\/\/educacao.ufpr.br\/nesef\/wp-json\/wp\/v2\/tags?post=2335"}],"curies":[{"name":"wp","href":"https:\/\/api.w.org\/{rel}","templated":true}]}}