{"id":2401,"date":"2020-08-23T09:55:25","date_gmt":"2020-08-23T12:55:25","guid":{"rendered":"https:\/\/educacao.ufpr.br\/nesef\/?p=2401"},"modified":"2020-08-23T10:09:57","modified_gmt":"2020-08-23T13:09:57","slug":"o-sisifo-agosto-2020","status":"publish","type":"post","link":"https:\/\/educacao.ufpr.br\/nesef\/o-sisifo-agosto-2020\/","title":{"rendered":"O S\u00edsifo &#8211; Agosto\/2020"},"content":{"rendered":"<p>Caro\/a leitor\/a, a edi\u00e7\u00e3o do O S\u00edsifo de agosto\/2020 trata de um dos temas mais sens\u00edveis e nevr\u00e1lgicos da nossa hist\u00f3ria: o racismo no Brasil. As mat\u00e9rias de Arilda Arboreya e Hilton Costa apresentam sob o ponto de vista sociol\u00f3gico e hist\u00f3rico alguns dos principais aspectos relacionados a esse problema estrutural ainda muito presente no cotidiano de nossas vidas e longe de ser suplantado.<\/p>\n<p><strong>Link para acessar a edi\u00e7\u00e3o completa<\/strong><\/p>\n<p><a href=\"https:\/\/educacao.ufpr.br\/nesef\/wp-content\/uploads\/sites\/10\/2020\/08\/JORNAL-O-S\u00cdSIFO-VOL-3-N\u00ba-8-AGOSTO-2020.pdf\">O S\u00edsifo &#8211; Agosto\/2020<\/a><\/p>\n","protected":false},"excerpt":{"rendered":"<p>Caro\/a leitor\/a, a edi\u00e7\u00e3o do O S\u00edsifo de agosto\/2020 trata de um dos temas mais sens\u00edveis e nevr\u00e1lgicos da nossa hist\u00f3ria: o racismo no Brasil. As mat\u00e9rias de Arilda Arboreya e Hilton Costa apresentam sob o ponto de vista sociol\u00f3gico&#8230; <a class=\"more-link\" href=\"https:\/\/educacao.ufpr.br\/nesef\/o-sisifo-agosto-2020\/\">Continue Reading &rarr;<\/a><\/p>\n","protected":false},"author":398,"featured_media":2404,"comment_status":"open","ping_status":"open","sticky":false,"template":"","format":"standard","meta":{"_acf_changed":false,"footnotes":""},"categories":[40],"tags":[],"class_list":["post-2401","post","type-post","status-publish","format-standard","has-post-thumbnail","hentry","category-edicoes-2020"],"acf":[],"_links":{"self":[{"href":"https:\/\/educacao.ufpr.br\/nesef\/wp-json\/wp\/v2\/posts\/2401","targetHints":{"allow":["GET"]}}],"collection":[{"href":"https:\/\/educacao.ufpr.br\/nesef\/wp-json\/wp\/v2\/posts"}],"about":[{"href":"https:\/\/educacao.ufpr.br\/nesef\/wp-json\/wp\/v2\/types\/post"}],"author":[{"embeddable":true,"href":"https:\/\/educacao.ufpr.br\/nesef\/wp-json\/wp\/v2\/users\/398"}],"replies":[{"embeddable":true,"href":"https:\/\/educacao.ufpr.br\/nesef\/wp-json\/wp\/v2\/comments?post=2401"}],"version-history":[{"count":3,"href":"https:\/\/educacao.ufpr.br\/nesef\/wp-json\/wp\/v2\/posts\/2401\/revisions"}],"predecessor-version":[{"id":2406,"href":"https:\/\/educacao.ufpr.br\/nesef\/wp-json\/wp\/v2\/posts\/2401\/revisions\/2406"}],"wp:featuredmedia":[{"embeddable":true,"href":"https:\/\/educacao.ufpr.br\/nesef\/wp-json\/wp\/v2\/media\/2404"}],"wp:attachment":[{"href":"https:\/\/educacao.ufpr.br\/nesef\/wp-json\/wp\/v2\/media?parent=2401"}],"wp:term":[{"taxonomy":"category","embeddable":true,"href":"https:\/\/educacao.ufpr.br\/nesef\/wp-json\/wp\/v2\/categories?post=2401"},{"taxonomy":"post_tag","embeddable":true,"href":"https:\/\/educacao.ufpr.br\/nesef\/wp-json\/wp\/v2\/tags?post=2401"}],"curies":[{"name":"wp","href":"https:\/\/api.w.org\/{rel}","templated":true}]}}