{"id":2424,"date":"2020-04-23T11:26:39","date_gmt":"2020-04-23T14:26:39","guid":{"rendered":"https:\/\/educacao.ufpr.br\/nesef\/?p=2424"},"modified":"2020-08-23T11:26:57","modified_gmt":"2020-08-23T14:26:57","slug":"o-sisifo-abril-2020","status":"publish","type":"post","link":"https:\/\/educacao.ufpr.br\/nesef\/o-sisifo-abril-2020\/","title":{"rendered":"O S\u00edsifo &#8211; Abril\/2020"},"content":{"rendered":"<p>O S\u00edsifo de abril\/2020 analisa, a partir de diferentes abordagens filos\u00f3ficas e sociol\u00f3gicas, a rela\u00e7\u00e3o entre a Covide-19, a crise do modelo capitalista e a necropol\u00edtica. A primeira mat\u00e9ria apresentada, de <strong>Henrique Breviglieri<\/strong>, apresenta a crise da Covide-19 como possibilidade de ruptura e fracasso das tend\u00eancias geopol\u00edticas dos \u00faltimos anos. J\u00e1 <strong>Lafaiete Neves<\/strong> traz uma reflex\u00e3o cr\u00edtica sobre os impactos da Covid-19 nas pol\u00edticas neoliberais. Por fim, <strong>Kelly Pereira de Oliveira<\/strong> problematiza, no contexto da crise provocada pela pandemia, a aus\u00eancia de pol\u00edticas p\u00fablicas para as mulheres.<\/p>\n<p><strong>O link para acessar a edi\u00e7\u00e3o completa est\u00e1 logo abaixo.<\/strong><\/p>\n<p><span style=\"color: #0000ff\"><strong><a style=\"color: #0000ff\" href=\"https:\/\/educacao.ufpr.br\/nesef\/wp-content\/uploads\/sites\/10\/2020\/05\/JORNAL-O-S\u00cdSIFO-VOL-3-N\u00ba-4-ABRIL-2020.pdf\">JORNAL O S\u00cdSIFO VOL 3 &#8211; N\u00ba 4 &#8211; ABRIL &#8211; 2020<\/a><\/strong><\/span><\/p>\n","protected":false},"excerpt":{"rendered":"<p>O S\u00edsifo de abril\/2020 analisa, a partir de diferentes abordagens filos\u00f3ficas e sociol\u00f3gicas, a rela\u00e7\u00e3o entre a Covide-19, a crise do modelo capitalista e a necropol\u00edtica. A primeira mat\u00e9ria apresentada, de Henrique Breviglieri, apresenta a crise da Covide-19 como possibilidade&#8230; <a class=\"more-link\" href=\"https:\/\/educacao.ufpr.br\/nesef\/o-sisifo-abril-2020\/\">Continue Reading &rarr;<\/a><\/p>\n","protected":false},"author":398,"featured_media":2425,"comment_status":"open","ping_status":"open","sticky":false,"template":"","format":"standard","meta":{"_acf_changed":false,"footnotes":""},"categories":[40],"tags":[],"class_list":["post-2424","post","type-post","status-publish","format-standard","has-post-thumbnail","hentry","category-edicoes-2020"],"acf":[],"_links":{"self":[{"href":"https:\/\/educacao.ufpr.br\/nesef\/wp-json\/wp\/v2\/posts\/2424","targetHints":{"allow":["GET"]}}],"collection":[{"href":"https:\/\/educacao.ufpr.br\/nesef\/wp-json\/wp\/v2\/posts"}],"about":[{"href":"https:\/\/educacao.ufpr.br\/nesef\/wp-json\/wp\/v2\/types\/post"}],"author":[{"embeddable":true,"href":"https:\/\/educacao.ufpr.br\/nesef\/wp-json\/wp\/v2\/users\/398"}],"replies":[{"embeddable":true,"href":"https:\/\/educacao.ufpr.br\/nesef\/wp-json\/wp\/v2\/comments?post=2424"}],"version-history":[{"count":1,"href":"https:\/\/educacao.ufpr.br\/nesef\/wp-json\/wp\/v2\/posts\/2424\/revisions"}],"predecessor-version":[{"id":2426,"href":"https:\/\/educacao.ufpr.br\/nesef\/wp-json\/wp\/v2\/posts\/2424\/revisions\/2426"}],"wp:featuredmedia":[{"embeddable":true,"href":"https:\/\/educacao.ufpr.br\/nesef\/wp-json\/wp\/v2\/media\/2425"}],"wp:attachment":[{"href":"https:\/\/educacao.ufpr.br\/nesef\/wp-json\/wp\/v2\/media?parent=2424"}],"wp:term":[{"taxonomy":"category","embeddable":true,"href":"https:\/\/educacao.ufpr.br\/nesef\/wp-json\/wp\/v2\/categories?post=2424"},{"taxonomy":"post_tag","embeddable":true,"href":"https:\/\/educacao.ufpr.br\/nesef\/wp-json\/wp\/v2\/tags?post=2424"}],"curies":[{"name":"wp","href":"https:\/\/api.w.org\/{rel}","templated":true}]}}