{"id":2432,"date":"2020-01-23T11:33:57","date_gmt":"2020-01-23T14:33:57","guid":{"rendered":"https:\/\/educacao.ufpr.br\/nesef\/?p=2432"},"modified":"2020-08-23T11:36:14","modified_gmt":"2020-08-23T14:36:14","slug":"o-sisifo-janeiro-2020","status":"publish","type":"post","link":"https:\/\/educacao.ufpr.br\/nesef\/o-sisifo-janeiro-2020\/","title":{"rendered":"O S\u00edsifo &#8211; Janeiro\/2020"},"content":{"rendered":"<p>Durante as \u00faltimas d\u00e9cadas as a\u00e7\u00f5es Banco Mundial e do Banco Interamericano de Desenvolvimento incentivaram a cria\u00e7\u00e3o de organismos, institutos, ag\u00eancias e quadros universit\u00e1rios com a finalidade de pressionar os sistemas educacionais de fora de seus limites institucionais e democr\u00e1ticos. Uma ordena\u00e7\u00e3o inspirada na cren\u00e7a central de que a educa\u00e7\u00e3o \u00e9 o principal motor do desenvolvimento econ\u00f4mico. Com o pretexto de tornar a escola mais \u00fatil e subserviente ao mundo do trabalho, surge toda uma comunidade epistemol\u00f3gica com o objetivo de legitimar um deslumbrante cen\u00e1rio de inova\u00e7\u00f5es pedag\u00f3gicas e tecnol\u00f3gicas capaz de colocar abaixo a cultura liter\u00e1ria, art\u00edstica, filos\u00f3fica e a pr\u00f3pria hist\u00f3ria da humanidade em detrimento de uma especializa\u00e7\u00e3o profissional moldada pelo pensamento operacional e utilitarista do empreendedorismo.<\/p>\n<p><strong>O link para acessar a edi\u00e7\u00e3o completa est\u00e1 logo abaixo.<\/strong><\/p>\n<p><strong><span style=\"color: #0000ff\"><a style=\"color: #0000ff\" href=\"https:\/\/educacao.ufpr.br\/nesef\/wp-content\/uploads\/sites\/10\/2020\/08\/JORNAL-O-S\u00cdSIFO-VOL-3-N\u00ba-1-JANIERO-2020.pdf\">JORNAL O S\u00cdSIFO &#8211; VOL 3 &#8211; N\u00ba 1 &#8211; JANIERO 2020<\/a><\/span><\/strong><\/p>\n","protected":false},"excerpt":{"rendered":"<p>Durante as \u00faltimas d\u00e9cadas as a\u00e7\u00f5es Banco Mundial e do Banco Interamericano de Desenvolvimento incentivaram a cria\u00e7\u00e3o de organismos, institutos, ag\u00eancias e quadros universit\u00e1rios com a finalidade de pressionar os sistemas educacionais de fora de seus limites institucionais e democr\u00e1ticos&#8230;. <a class=\"more-link\" href=\"https:\/\/educacao.ufpr.br\/nesef\/o-sisifo-janeiro-2020\/\">Continue Reading &rarr;<\/a><\/p>\n","protected":false},"author":398,"featured_media":2434,"comment_status":"open","ping_status":"open","sticky":false,"template":"","format":"standard","meta":{"_acf_changed":false,"footnotes":""},"categories":[40],"tags":[],"class_list":["post-2432","post","type-post","status-publish","format-standard","has-post-thumbnail","hentry","category-edicoes-2020"],"acf":[],"_links":{"self":[{"href":"https:\/\/educacao.ufpr.br\/nesef\/wp-json\/wp\/v2\/posts\/2432","targetHints":{"allow":["GET"]}}],"collection":[{"href":"https:\/\/educacao.ufpr.br\/nesef\/wp-json\/wp\/v2\/posts"}],"about":[{"href":"https:\/\/educacao.ufpr.br\/nesef\/wp-json\/wp\/v2\/types\/post"}],"author":[{"embeddable":true,"href":"https:\/\/educacao.ufpr.br\/nesef\/wp-json\/wp\/v2\/users\/398"}],"replies":[{"embeddable":true,"href":"https:\/\/educacao.ufpr.br\/nesef\/wp-json\/wp\/v2\/comments?post=2432"}],"version-history":[{"count":1,"href":"https:\/\/educacao.ufpr.br\/nesef\/wp-json\/wp\/v2\/posts\/2432\/revisions"}],"predecessor-version":[{"id":2435,"href":"https:\/\/educacao.ufpr.br\/nesef\/wp-json\/wp\/v2\/posts\/2432\/revisions\/2435"}],"wp:featuredmedia":[{"embeddable":true,"href":"https:\/\/educacao.ufpr.br\/nesef\/wp-json\/wp\/v2\/media\/2434"}],"wp:attachment":[{"href":"https:\/\/educacao.ufpr.br\/nesef\/wp-json\/wp\/v2\/media?parent=2432"}],"wp:term":[{"taxonomy":"category","embeddable":true,"href":"https:\/\/educacao.ufpr.br\/nesef\/wp-json\/wp\/v2\/categories?post=2432"},{"taxonomy":"post_tag","embeddable":true,"href":"https:\/\/educacao.ufpr.br\/nesef\/wp-json\/wp\/v2\/tags?post=2432"}],"curies":[{"name":"wp","href":"https:\/\/api.w.org\/{rel}","templated":true}]}}