{"id":2674,"date":"2021-02-06T16:52:59","date_gmt":"2021-02-06T19:52:59","guid":{"rendered":"https:\/\/educacao.ufpr.br\/nesef\/?p=2674"},"modified":"2021-03-21T16:51:45","modified_gmt":"2021-03-21T19:51:45","slug":"o-sisifo-janeiro-2021","status":"publish","type":"post","link":"https:\/\/educacao.ufpr.br\/nesef\/o-sisifo-janeiro-2021\/","title":{"rendered":"O S\u00edsifo &#8211; Janeiro\/2021"},"content":{"rendered":"<p>A edi\u00e7\u00e3o do jornal O S\u00edsifo deste m\u00eas, assim como a anterior, tamb\u00e9m \u00e9 dedicada \u00e0 apresenta\u00e7\u00e3o dos textos filos\u00f3ficos indicados para o vestibular da Universidade Federal do Paran\u00e1 de 2020\/2021. A presen\u00e7a da Filosofia nos vestibulares tem sido, atualmente, uma demonstra\u00e7\u00e3o de resist\u00eancia e de luta contra os atuais ataques que as Ci\u00eancias Humanas e a Filosofia v\u00eam sofrendo de segmentos reacion\u00e1rios da intelectualidade brasileira. Com a aprova\u00e7\u00e3o da reforma do ensino m\u00e9dio, em 2017, o espa\u00e7o conquistado pela Filosofia nos \u00faltimos anos n\u00e3o s\u00f3 est\u00e1 amea\u00e7ado, mas sujeito, novamente, \u00e0 extin\u00e7\u00e3o.<\/p>\n<p><strong>Para acessar a edi\u00e7\u00e3o completa em formato pdf, basta clicar no link logo abaixo:<\/strong><\/p>\n<p><span style=\"color: #0000ff\"><strong><a style=\"color: #0000ff\" href=\"https:\/\/educacao.ufpr.br\/nesef\/wp-content\/uploads\/sites\/10\/2021\/02\/JORNAL-O-S\u00cdSIFO-VOL-04-N\u00ba-1-JANEIRO-2021-.pdf\">JORNAL O S\u00cdSIFO (VOL 04 &#8211; N\u00ba 1 &#8211; JANEIRO &#8211; 2021)<\/a><\/strong><\/span><\/p>\n","protected":false},"excerpt":{"rendered":"<p>A edi\u00e7\u00e3o do jornal O S\u00edsifo deste m\u00eas, assim como a anterior, tamb\u00e9m \u00e9 dedicada \u00e0 apresenta\u00e7\u00e3o dos textos filos\u00f3ficos indicados para o vestibular da Universidade Federal do Paran\u00e1 de 2020\/2021. A presen\u00e7a da Filosofia nos vestibulares tem sido, atualmente,&#8230; <a class=\"more-link\" href=\"https:\/\/educacao.ufpr.br\/nesef\/o-sisifo-janeiro-2021\/\">Continue Reading &rarr;<\/a><\/p>\n","protected":false},"author":398,"featured_media":2676,"comment_status":"open","ping_status":"open","sticky":false,"template":"","format":"standard","meta":{"_acf_changed":false,"footnotes":""},"categories":[50,10],"tags":[],"class_list":["post-2674","post","type-post","status-publish","format-standard","has-post-thumbnail","hentry","category-edicoes-2021","category-ultimas-publicacoes"],"acf":[],"_links":{"self":[{"href":"https:\/\/educacao.ufpr.br\/nesef\/wp-json\/wp\/v2\/posts\/2674","targetHints":{"allow":["GET"]}}],"collection":[{"href":"https:\/\/educacao.ufpr.br\/nesef\/wp-json\/wp\/v2\/posts"}],"about":[{"href":"https:\/\/educacao.ufpr.br\/nesef\/wp-json\/wp\/v2\/types\/post"}],"author":[{"embeddable":true,"href":"https:\/\/educacao.ufpr.br\/nesef\/wp-json\/wp\/v2\/users\/398"}],"replies":[{"embeddable":true,"href":"https:\/\/educacao.ufpr.br\/nesef\/wp-json\/wp\/v2\/comments?post=2674"}],"version-history":[{"count":1,"href":"https:\/\/educacao.ufpr.br\/nesef\/wp-json\/wp\/v2\/posts\/2674\/revisions"}],"predecessor-version":[{"id":2677,"href":"https:\/\/educacao.ufpr.br\/nesef\/wp-json\/wp\/v2\/posts\/2674\/revisions\/2677"}],"wp:featuredmedia":[{"embeddable":true,"href":"https:\/\/educacao.ufpr.br\/nesef\/wp-json\/wp\/v2\/media\/2676"}],"wp:attachment":[{"href":"https:\/\/educacao.ufpr.br\/nesef\/wp-json\/wp\/v2\/media?parent=2674"}],"wp:term":[{"taxonomy":"category","embeddable":true,"href":"https:\/\/educacao.ufpr.br\/nesef\/wp-json\/wp\/v2\/categories?post=2674"},{"taxonomy":"post_tag","embeddable":true,"href":"https:\/\/educacao.ufpr.br\/nesef\/wp-json\/wp\/v2\/tags?post=2674"}],"curies":[{"name":"wp","href":"https:\/\/api.w.org\/{rel}","templated":true}]}}