{"id":2767,"date":"2021-04-27T15:22:02","date_gmt":"2021-04-27T18:22:02","guid":{"rendered":"https:\/\/educacao.ufpr.br\/nesef\/?p=2767"},"modified":"2021-04-27T17:54:23","modified_gmt":"2021-04-27T20:54:23","slug":"centenario-de-nascimento-de-paulo-feire","status":"publish","type":"post","link":"https:\/\/educacao.ufpr.br\/nesef\/centenario-de-nascimento-de-paulo-feire\/","title":{"rendered":"Centen\u00e1rio de nascimento de Paulo Feire"},"content":{"rendered":"<p>Esta edi\u00e7\u00e3o do Jornal \u201cO S\u00edsifo\u201d, de abril de 2021, apresenta como tema central a import\u00e2ncia da obra de Paulo Freire para uma educa\u00e7\u00e3o transformadora.<\/p>\n<p>A primeira mat\u00e9ria, Paulo Freire mais do que nunca! Por qu\u00ea? de Walter Kohan, oportuniza ao leitor refletir sobre a atualidade da proposta freiriana como cr\u00edtica da realidade opressora, especialmente no Brasil.<\/p>\n<p>Na mat\u00e9ria seguinte, Ivo Dickmann, em Pedagogia do centen\u00e1rio: o desafio \u00e9 reinventar Paulo Freire! discute a pedagogia do centen\u00e1rio e a tarefa de reinventar Paulo Freire.<\/p>\n<p>Em seguida, Giselle Moura Schnorr apresenta a mat\u00e9ria Unidade na diversidade: teimosia do menino que faz 100 anos, na qual mostra a insist\u00eancia com que Paulo Freire retratou o mundo com persist\u00eancia, curiosidade, teimosia e amorosidade de um menino que neste ano completa 100 anos.<\/p>\n<p>Dando continuidade, Maria Aparecida Zanetti, em Reflex\u00f5es sobre algumas cr\u00edticas a Paulo Freire, mostra que o intelectual Paulo Freire foi\/\u00e9 alvo de constantes cr\u00edticas de natureza ideol\u00f3gica, inclusive com adjetiva\u00e7\u00f5es negativas e torpes. Para a autora, o problema n\u00e3o est\u00e1 na cr\u00edtica, mas sim na forma como a cr\u00edtica \u00e9 feita.<\/p>\n<p>Por fim, P\u00e2mela Bueno Costa nos presenteia com uma poesia que traz o esperan\u00e7ar como tema central.<\/p>\n<p>Para acessar a edi\u00e7\u00e3o completa, basta clicar no link logo abaixo.<\/p>\n<p><span style=\"color: #3366ff\"><strong><a style=\"color: #3366ff\" href=\"https:\/\/educacao.ufpr.br\/nesef\/wp-content\/uploads\/sites\/10\/2021\/04\/JORNAL-O-S\u00cdSIFO-VOL-4-N\u00ba-4-ABRIL-2021-1-1.pdf\">JORNAL O S\u00cdSIFO (VOL 4 &#8211; N\u00ba 4 &#8211; ABRIL &#8211; 2021)<\/a><\/strong><\/span><\/p>\n","protected":false},"excerpt":{"rendered":"<p>Esta edi\u00e7\u00e3o do Jornal \u201cO S\u00edsifo\u201d, de abril de 2021, apresenta como tema central a import\u00e2ncia da obra de Paulo Freire para uma educa\u00e7\u00e3o transformadora. A primeira mat\u00e9ria, Paulo Freire mais do que nunca! Por qu\u00ea? de Walter Kohan, oportuniza&#8230; <a class=\"more-link\" href=\"https:\/\/educacao.ufpr.br\/nesef\/centenario-de-nascimento-de-paulo-feire\/\">Continue Reading &rarr;<\/a><\/p>\n","protected":false},"author":398,"featured_media":2769,"comment_status":"open","ping_status":"open","sticky":false,"template":"","format":"standard","meta":{"_acf_changed":false,"footnotes":""},"categories":[50,10],"tags":[],"class_list":["post-2767","post","type-post","status-publish","format-standard","has-post-thumbnail","hentry","category-edicoes-2021","category-ultimas-publicacoes"],"acf":[],"_links":{"self":[{"href":"https:\/\/educacao.ufpr.br\/nesef\/wp-json\/wp\/v2\/posts\/2767","targetHints":{"allow":["GET"]}}],"collection":[{"href":"https:\/\/educacao.ufpr.br\/nesef\/wp-json\/wp\/v2\/posts"}],"about":[{"href":"https:\/\/educacao.ufpr.br\/nesef\/wp-json\/wp\/v2\/types\/post"}],"author":[{"embeddable":true,"href":"https:\/\/educacao.ufpr.br\/nesef\/wp-json\/wp\/v2\/users\/398"}],"replies":[{"embeddable":true,"href":"https:\/\/educacao.ufpr.br\/nesef\/wp-json\/wp\/v2\/comments?post=2767"}],"version-history":[{"count":7,"href":"https:\/\/educacao.ufpr.br\/nesef\/wp-json\/wp\/v2\/posts\/2767\/revisions"}],"predecessor-version":[{"id":2779,"href":"https:\/\/educacao.ufpr.br\/nesef\/wp-json\/wp\/v2\/posts\/2767\/revisions\/2779"}],"wp:featuredmedia":[{"embeddable":true,"href":"https:\/\/educacao.ufpr.br\/nesef\/wp-json\/wp\/v2\/media\/2769"}],"wp:attachment":[{"href":"https:\/\/educacao.ufpr.br\/nesef\/wp-json\/wp\/v2\/media?parent=2767"}],"wp:term":[{"taxonomy":"category","embeddable":true,"href":"https:\/\/educacao.ufpr.br\/nesef\/wp-json\/wp\/v2\/categories?post=2767"},{"taxonomy":"post_tag","embeddable":true,"href":"https:\/\/educacao.ufpr.br\/nesef\/wp-json\/wp\/v2\/tags?post=2767"}],"curies":[{"name":"wp","href":"https:\/\/api.w.org\/{rel}","templated":true}]}}