{"id":2900,"date":"2021-11-01T12:37:02","date_gmt":"2021-11-01T15:37:02","guid":{"rendered":"https:\/\/educacao.ufpr.br\/nesef\/?p=2900"},"modified":"2022-06-16T14:43:50","modified_gmt":"2022-06-16T17:43:50","slug":"o-potencial-da-filosofia-ensinada-nas-escolas-para-formacao-cultural-moral-e-intelectual-dos-estudantes","status":"publish","type":"post","link":"https:\/\/educacao.ufpr.br\/nesef\/o-potencial-da-filosofia-ensinada-nas-escolas-para-formacao-cultural-moral-e-intelectual-dos-estudantes\/","title":{"rendered":"O potencial da Filosofia ensinada nas escolas para forma\u00e7\u00e3o cultural, moral e intelectual dos estudantes"},"content":{"rendered":"<p>A edi\u00e7\u00e3o d\u2019O S\u00edsifo deste m\u00eas homenageia os(as) professores(as) e os estudantes que acreditam no potencial da Filosofia ensinada nas escolas para forma\u00e7\u00e3o cultural, moral e intelectual das nossas crian\u00e7as e jovens.&nbsp; Por isso, republicamos a Declara\u00e7\u00e3o de Paris e junto com ela tr\u00eas mat\u00e9rias escritas por estudantes do Ensino M\u00e9dio com apoio de seus professores de Filosofia.<\/p>\n<p>A primeira mat\u00e9ria <em>Oxum e o processo de decolonialidade<\/em> \u00e9 de autoria da estudante Yasmin dos Santos e a segunda, <em>Mulheres na Filosofia<\/em> foi escrita por \u00c1gatha Ferreira Camargo, ambas tiveram a medi\u00e7\u00e3o do professor Altair Gabardo Percicotty, do Col\u00e9gio Sesi (Boqueir\u00e3o).<\/p>\n<p>J\u00e1 a terceira mat\u00e9ria intitulada <em>A Import\u00e2ncia do estudo da Filosofia para os estudantes do Curso T\u00e9cnico de Forma\u00e7\u00e3o de Docentes<\/em> foi escrita pelas estudantes Let\u00edcia Milena Gon\u00e7alves e Nathuane de Oliveira Thurow, do Col\u00e9gio Estadual Sagrada Fam\u00edlia (Campo Largo), com o apoio do professor de Avanir Mastey.<\/p>\n<p><strong>Para acessar a edi\u00e7\u00e3o completa, basta clicar no link logo abaixo \u21d3<\/strong><\/p>\n<p><strong><span style=\"color: #0000ff\"><a style=\"color: #0000ff\" href=\"https:\/\/educacao.ufpr.br\/nesef\/wp-content\/uploads\/sites\/10\/2021\/11\/JORNAL-O-S\u00cdSIFO-VOL-4-N\u00ba-10-OUTUBRO-2021-.pdf\">JORNAL O S\u00cdSIFO (VOL 4 &#8211; N\u00ba 10 &#8211; OUTUBRO &#8211; 2021)<\/a><\/span><\/strong><\/p>\n","protected":false},"excerpt":{"rendered":"<p>A edi\u00e7\u00e3o d\u2019O S\u00edsifo deste m\u00eas homenageia os(as) professores(as) e os estudantes que acreditam no potencial da Filosofia ensinada nas escolas para forma\u00e7\u00e3o cultural, moral e intelectual das nossas crian\u00e7as e jovens.&nbsp; Por isso, republicamos a Declara\u00e7\u00e3o de Paris e&#8230; <a class=\"more-link\" href=\"https:\/\/educacao.ufpr.br\/nesef\/o-potencial-da-filosofia-ensinada-nas-escolas-para-formacao-cultural-moral-e-intelectual-dos-estudantes\/\">Continue Reading &rarr;<\/a><\/p>\n","protected":false},"author":398,"featured_media":2898,"comment_status":"open","ping_status":"open","sticky":false,"template":"","format":"standard","meta":{"_acf_changed":false,"footnotes":""},"categories":[50],"tags":[],"class_list":["post-2900","post","type-post","status-publish","format-standard","has-post-thumbnail","hentry","category-edicoes-2021"],"acf":[],"_links":{"self":[{"href":"https:\/\/educacao.ufpr.br\/nesef\/wp-json\/wp\/v2\/posts\/2900","targetHints":{"allow":["GET"]}}],"collection":[{"href":"https:\/\/educacao.ufpr.br\/nesef\/wp-json\/wp\/v2\/posts"}],"about":[{"href":"https:\/\/educacao.ufpr.br\/nesef\/wp-json\/wp\/v2\/types\/post"}],"author":[{"embeddable":true,"href":"https:\/\/educacao.ufpr.br\/nesef\/wp-json\/wp\/v2\/users\/398"}],"replies":[{"embeddable":true,"href":"https:\/\/educacao.ufpr.br\/nesef\/wp-json\/wp\/v2\/comments?post=2900"}],"version-history":[{"count":3,"href":"https:\/\/educacao.ufpr.br\/nesef\/wp-json\/wp\/v2\/posts\/2900\/revisions"}],"predecessor-version":[{"id":2971,"href":"https:\/\/educacao.ufpr.br\/nesef\/wp-json\/wp\/v2\/posts\/2900\/revisions\/2971"}],"wp:featuredmedia":[{"embeddable":true,"href":"https:\/\/educacao.ufpr.br\/nesef\/wp-json\/wp\/v2\/media\/2898"}],"wp:attachment":[{"href":"https:\/\/educacao.ufpr.br\/nesef\/wp-json\/wp\/v2\/media?parent=2900"}],"wp:term":[{"taxonomy":"category","embeddable":true,"href":"https:\/\/educacao.ufpr.br\/nesef\/wp-json\/wp\/v2\/categories?post=2900"},{"taxonomy":"post_tag","embeddable":true,"href":"https:\/\/educacao.ufpr.br\/nesef\/wp-json\/wp\/v2\/tags?post=2900"}],"curies":[{"name":"wp","href":"https:\/\/api.w.org\/{rel}","templated":true}]}}