{"id":2950,"date":"2022-06-16T13:24:01","date_gmt":"2022-06-16T16:24:01","guid":{"rendered":"https:\/\/educacao.ufpr.br\/nesef\/?p=2950"},"modified":"2022-06-16T13:24:02","modified_gmt":"2022-06-16T16:24:02","slug":"impactos-da-implementacao-do-novo-ensino-medio-na-educacao-do-campo-no-estado-do-parana","status":"publish","type":"post","link":"https:\/\/educacao.ufpr.br\/nesef\/impactos-da-implementacao-do-novo-ensino-medio-na-educacao-do-campo-no-estado-do-parana\/","title":{"rendered":"Impactos da implementa\u00e7\u00e3o do Novo Ensino M\u00e9dio na Educa\u00e7\u00e3o do Campo no Estado do Paran\u00e1"},"content":{"rendered":"\n<p>As edi\u00e7\u00f5es de Abril e Maio do Jornal O S\u00edsifio, condensadas no n\u00ba 4 do volume 5, debatem os impactos do Novo Ensino M\u00e9dio na Educa\u00e7\u00e3o do Campo. <br \/><\/p>\n\n\n\n<p>Os textos completos podem ser consultados no link logo abaixo.<\/p>\n\n\n\n<p>Desejamos uma \u00f3tima leitura!<br \/><br \/><a href=\"https:\/\/educacao.ufpr.br\/nesef\/wp-content\/uploads\/sites\/10\/2022\/06\/JORNAL-O-SISIFO-VOL-5-No-4-Abril-Maio-2022-.pdf\">https:\/\/educacao.ufpr.br\/nesef\/wp-content\/uploads\/sites\/10\/2022\/06\/JORNAL-O-SISIFO-VOL-5-No-4-Abril-Maio-2022-.pdf<\/a><br \/><\/p>\n","protected":false},"excerpt":{"rendered":"<p>As edi\u00e7\u00f5es de Abril e Maio do Jornal O S\u00edsifio, condensadas no n\u00ba 4 do volume 5, debatem os impactos do Novo Ensino M\u00e9dio na Educa\u00e7\u00e3o do Campo. Os textos completos podem ser consultados no link logo abaixo. Desejamos uma&#8230; <a class=\"more-link\" href=\"https:\/\/educacao.ufpr.br\/nesef\/impactos-da-implementacao-do-novo-ensino-medio-na-educacao-do-campo-no-estado-do-parana\/\">Continue Reading &rarr;<\/a><\/p>\n","protected":false},"author":398,"featured_media":2955,"comment_status":"open","ping_status":"open","sticky":false,"template":"","format":"standard","meta":{"_acf_changed":false,"footnotes":""},"categories":[54],"tags":[],"class_list":["post-2950","post","type-post","status-publish","format-standard","has-post-thumbnail","hentry","category-edicoes-2022"],"acf":[],"_links":{"self":[{"href":"https:\/\/educacao.ufpr.br\/nesef\/wp-json\/wp\/v2\/posts\/2950","targetHints":{"allow":["GET"]}}],"collection":[{"href":"https:\/\/educacao.ufpr.br\/nesef\/wp-json\/wp\/v2\/posts"}],"about":[{"href":"https:\/\/educacao.ufpr.br\/nesef\/wp-json\/wp\/v2\/types\/post"}],"author":[{"embeddable":true,"href":"https:\/\/educacao.ufpr.br\/nesef\/wp-json\/wp\/v2\/users\/398"}],"replies":[{"embeddable":true,"href":"https:\/\/educacao.ufpr.br\/nesef\/wp-json\/wp\/v2\/comments?post=2950"}],"version-history":[{"count":2,"href":"https:\/\/educacao.ufpr.br\/nesef\/wp-json\/wp\/v2\/posts\/2950\/revisions"}],"predecessor-version":[{"id":2954,"href":"https:\/\/educacao.ufpr.br\/nesef\/wp-json\/wp\/v2\/posts\/2950\/revisions\/2954"}],"wp:featuredmedia":[{"embeddable":true,"href":"https:\/\/educacao.ufpr.br\/nesef\/wp-json\/wp\/v2\/media\/2955"}],"wp:attachment":[{"href":"https:\/\/educacao.ufpr.br\/nesef\/wp-json\/wp\/v2\/media?parent=2950"}],"wp:term":[{"taxonomy":"category","embeddable":true,"href":"https:\/\/educacao.ufpr.br\/nesef\/wp-json\/wp\/v2\/categories?post=2950"},{"taxonomy":"post_tag","embeddable":true,"href":"https:\/\/educacao.ufpr.br\/nesef\/wp-json\/wp\/v2\/tags?post=2950"}],"curies":[{"name":"wp","href":"https:\/\/api.w.org\/{rel}","templated":true}]}}