{"id":843,"date":"2019-03-30T13:02:33","date_gmt":"2019-03-30T16:02:33","guid":{"rendered":"https:\/\/educacao.ufpr.br\/nesef\/?p=843"},"modified":"2020-08-22T14:34:20","modified_gmt":"2020-08-22T17:34:20","slug":"843","status":"publish","type":"post","link":"https:\/\/educacao.ufpr.br\/nesef\/843\/","title":{"rendered":"Jornal O S\u00edsifo &#8211; Edi\u00e7\u00e3o de mar\u00e7o de 2019"},"content":{"rendered":"<h1><\/h1>\n<p>Nesta edi\u00e7\u00e3o, Delcio Junkes, professor do Departamento de Fundamentos da Educa\u00e7\u00e3o da UFPR, apresenta o livro \u201cAdolfo S\u00e1nchez V\u00e1zquez: para pensar a educa\u00e7\u00e3o\u201d, organizado pela professora Naura Syria Carapeto Ferreira e recentemente lan\u00e7ado no Brasil e na Espanha.<\/p>\n<p>Em outro artigo, Arilda Arboleya, Professora DTFE-UFPR, reflete sobre a obra A Provincia: estudo sobre a descentralisa\u00e7\u00e3o no Brazil, do pol\u00edtico e jornalista Aureliano C\u00e2ndido Tavares Bastos (1839-1875) e demonstra que hist\u00f3ria j\u00e1 nos deu s\u00f3lidas demonstra\u00e7\u00f5es de que n\u00e3o basta crescimento econ\u00f4mico para assegurar desenvolvimento social.<\/p>\n<p>Contamos, tamb\u00e9m, com o texto de Cleber Bianchessi \u2013 mestrando UNINTER. O autor argumenta que a aprendizagem no ensino de Hist\u00f3ria no ensino m\u00e9dio torna-se cada vez mais significativa \u00e0 propor\u00e7\u00e3o que conceitos hodiernos de aprendizagem s\u00e3o inseridos no ambiente escolar.<\/p>\n<p>A agenda das atividades do Nesef foi atualizada.<\/p>\n<p>Para conferir as datas e locais das atividades, al\u00e9m de prestigiar as autoras e os autores dessa edi\u00e7\u00e3o, basta acessar o link abaixo: &#x1f447;&#x1f3fc;&#x1f447;&#x1f3fc;&#x1f447;&#x1f3fc;<\/p>\n<p><a href=\"https:\/\/educacao.ufpr.br\/nesef\/wp-content\/uploads\/sites\/10\/2019\/03\/JORNAL-O-S\u00cdSIFO-VOL-2-N\u00ba-3-MAR\u00c7O-2019.pdf\">JORNAL O S\u00cdSIFO (VOL 2 &#8211; N\u00ba 3 &#8211; MAR\u00c7O 2019)<\/a><\/p>\n","protected":false},"excerpt":{"rendered":"<p>Nesta edi\u00e7\u00e3o, Delcio Junkes, professor do Departamento de Fundamentos da Educa\u00e7\u00e3o da UFPR, apresenta o livro \u201cAdolfo S\u00e1nchez V\u00e1zquez: para pensar a educa\u00e7\u00e3o\u201d, organizado pela professora Naura Syria Carapeto Ferreira e recentemente lan\u00e7ado no Brasil e na Espanha. Em outro&#8230; <a class=\"more-link\" href=\"https:\/\/educacao.ufpr.br\/nesef\/843\/\">Continue Reading &rarr;<\/a><\/p>\n","protected":false},"author":398,"featured_media":1163,"comment_status":"open","ping_status":"open","sticky":false,"template":"","format":"image","meta":{"_acf_changed":false,"footnotes":""},"categories":[1],"tags":[],"class_list":["post-843","post","type-post","status-publish","format-image","has-post-thumbnail","hentry","category-sem-categoria","post_format-post-format-image"],"acf":[],"_links":{"self":[{"href":"https:\/\/educacao.ufpr.br\/nesef\/wp-json\/wp\/v2\/posts\/843","targetHints":{"allow":["GET"]}}],"collection":[{"href":"https:\/\/educacao.ufpr.br\/nesef\/wp-json\/wp\/v2\/posts"}],"about":[{"href":"https:\/\/educacao.ufpr.br\/nesef\/wp-json\/wp\/v2\/types\/post"}],"author":[{"embeddable":true,"href":"https:\/\/educacao.ufpr.br\/nesef\/wp-json\/wp\/v2\/users\/398"}],"replies":[{"embeddable":true,"href":"https:\/\/educacao.ufpr.br\/nesef\/wp-json\/wp\/v2\/comments?post=843"}],"version-history":[{"count":13,"href":"https:\/\/educacao.ufpr.br\/nesef\/wp-json\/wp\/v2\/posts\/843\/revisions"}],"predecessor-version":[{"id":1165,"href":"https:\/\/educacao.ufpr.br\/nesef\/wp-json\/wp\/v2\/posts\/843\/revisions\/1165"}],"wp:featuredmedia":[{"embeddable":true,"href":"https:\/\/educacao.ufpr.br\/nesef\/wp-json\/wp\/v2\/media\/1163"}],"wp:attachment":[{"href":"https:\/\/educacao.ufpr.br\/nesef\/wp-json\/wp\/v2\/media?parent=843"}],"wp:term":[{"taxonomy":"category","embeddable":true,"href":"https:\/\/educacao.ufpr.br\/nesef\/wp-json\/wp\/v2\/categories?post=843"},{"taxonomy":"post_tag","embeddable":true,"href":"https:\/\/educacao.ufpr.br\/nesef\/wp-json\/wp\/v2\/tags?post=843"}],"curies":[{"name":"wp","href":"https:\/\/api.w.org\/{rel}","templated":true}]}}