{"id":2519,"date":"2026-03-03T14:41:16","date_gmt":"2026-03-03T14:41:16","guid":{"rendered":"https:\/\/educacao.ufpr.br\/sepe\/?p=2519"},"modified":"2026-03-03T15:03:13","modified_gmt":"2026-03-03T15:03:13","slug":"esta-chegando-a-sepe-2026","status":"publish","type":"post","link":"https:\/\/educacao.ufpr.br\/sepe\/2026\/03\/03\/esta-chegando-a-sepe-2026\/","title":{"rendered":"Est\u00e1 chegando a SEPE 2026!"},"content":{"rendered":"\n<p>Ol\u00e1 a todos(as)!<\/p>\n\n\n\n<p>A XXXVII SEPE \u2013 Semana Integrada da Educa\u00e7\u00e3o, em 2026 \u2013 se aproxima! (25 a 30\/05\/2026)<\/p>\n\n\n\n<p>O tema ser\u00e1&nbsp;&#8220;<strong><em><em>Entre Pol\u00edticas e Pr\u00e1ticas: as reformas educacionais e a forma\u00e7\u00e3o docente<\/em><\/em><\/strong>&#8220;, perpassando sub eixos como: Pol\u00edticas e Pr\u00e1ticas em diferentes Contextos Educacionais; Forma\u00e7\u00e3o Docente: Tensionamentos e Problematiza\u00e7\u00f5es; Pol\u00edticas de Ensino Superior; Pol\u00edticas Educacionais e Pr\u00e1ticas Afirmativas; Sindicalismo Docente e Movimentos Sociais; Hist\u00f3ria da Educa\u00e7\u00e3o, Mem\u00f3ria e Pol\u00edtica Educacional; Tecnologias, Intelig\u00eancia Artificial e Processos Educativos; Educa\u00e7\u00e3o Ambiental, Educa\u00e7\u00e3o Patrimonial e Mudan\u00e7as Clim\u00e1ticas; Educa\u00e7\u00e3o, Diversidade e Inclus\u00e3o.<\/p>\n\n\n\n<p>O primeiro edital lan\u00e7ado direciona-se \u00e0 escolha da arte do evento! Convidamos a todos(as) da comunidade interna a participarem, enviando suas propostas! <br>Para acessar o edital, clique <strong><a href=\"https:\/\/educacao.ufpr.br\/sepe\/wp-content\/uploads\/sites\/4\/2026\/03\/edital_concurso_arte_sepe_2026.pdf\" target=\"_blank\" rel=\"noreferrer noopener\">aqui<\/a><\/strong>&nbsp;e acesse o&nbsp;<a href=\"https:\/\/forms.office.com\/r\/USwQsP2Web\" target=\"_blank\" rel=\"noreferrer noopener\"><strong><em>link para envio da proposta aqui<\/em><\/strong>&nbsp;<\/a>(inscri\u00e7\u00f5es iniciam em 03\/03\/2026 at\u00e9 06\/04\/2026).<\/p>\n","protected":false},"excerpt":{"rendered":"<p>Ol\u00e1 a todos(as)! A XXXVII SEPE \u2013 Semana Integrada da Educa\u00e7\u00e3o, em 2026 \u2013 se aproxima! (25 a 30\/05\/2026) O tema ser\u00e1&nbsp;&#8220;Entre Pol\u00edticas e Pr\u00e1ticas: [&hellip;]<\/p>\n","protected":false},"author":1088,"featured_media":0,"comment_status":"open","ping_status":"open","sticky":false,"template":"","format":"standard","meta":{"_acf_changed":false,"footnotes":""},"categories":[1],"tags":[],"class_list":["post-2519","post","type-post","status-publish","format-standard","hentry","category-sem-categoria"],"acf":[],"_links":{"self":[{"href":"https:\/\/educacao.ufpr.br\/sepe\/wp-json\/wp\/v2\/posts\/2519","targetHints":{"allow":["GET"]}}],"collection":[{"href":"https:\/\/educacao.ufpr.br\/sepe\/wp-json\/wp\/v2\/posts"}],"about":[{"href":"https:\/\/educacao.ufpr.br\/sepe\/wp-json\/wp\/v2\/types\/post"}],"author":[{"embeddable":true,"href":"https:\/\/educacao.ufpr.br\/sepe\/wp-json\/wp\/v2\/users\/1088"}],"replies":[{"embeddable":true,"href":"https:\/\/educacao.ufpr.br\/sepe\/wp-json\/wp\/v2\/comments?post=2519"}],"version-history":[{"count":4,"href":"https:\/\/educacao.ufpr.br\/sepe\/wp-json\/wp\/v2\/posts\/2519\/revisions"}],"predecessor-version":[{"id":2534,"href":"https:\/\/educacao.ufpr.br\/sepe\/wp-json\/wp\/v2\/posts\/2519\/revisions\/2534"}],"wp:attachment":[{"href":"https:\/\/educacao.ufpr.br\/sepe\/wp-json\/wp\/v2\/media?parent=2519"}],"wp:term":[{"taxonomy":"category","embeddable":true,"href":"https:\/\/educacao.ufpr.br\/sepe\/wp-json\/wp\/v2\/categories?post=2519"},{"taxonomy":"post_tag","embeddable":true,"href":"https:\/\/educacao.ufpr.br\/sepe\/wp-json\/wp\/v2\/tags?post=2519"}],"curies":[{"name":"wp","href":"https:\/\/api.w.org\/{rel}","templated":true}]}}