{"id":118,"date":"2021-09-20T20:50:11","date_gmt":"2021-09-20T20:50:11","guid":{"rendered":"https:\/\/educacao.ufpr.br\/tessitura\/?p=118"},"modified":"2021-09-20T21:46:35","modified_gmt":"2021-09-20T21:46:35","slug":"lancamento-e-book-complexidade-e-formacao-de-professores-tessituras-possiveis","status":"publish","type":"post","link":"https:\/\/educacao.ufpr.br\/tessitura\/2021\/09\/20\/lancamento-e-book-complexidade-e-formacao-de-professores-tessituras-possiveis\/","title":{"rendered":"Lan\u00e7amento E-book &#8211; COMPLEXIDADE E FORMA\u00c7\u00c3O DE PROFESSORES: TESSITURAS POSS\u00cdVEIS"},"content":{"rendered":"<p>Lan\u00e7amento E-book &#8211; conversa com os autores<\/p>\n<p>27\/09\/2021<\/p>\n<p>16:30 \u00e0s 17:30<\/p>\n<p>Sala virtual: <a href=\"https:\/\/teams.microsoft.com\/l\/meetup-join\/19%3aRFlZnMmH5lQ_Esu6xkpvlyLCniyEd3awyPz9w4epVPQ1%40thread.tacv2\/1630972495351?context=%7b%22Tid%22%3a%228a1ef6c3-8324-4103-bf4a-1328c5dc3653%22%2c%22Oid%22%3a%2298ebc590-19f8-43d0-845c-780c267c65fa%22%7d\" target=\"_blank\" rel=\"noopener\">AQUI<\/a>\u00a0&#8211; Plataforma Teams<\/p>\n<p>Obra para download gratuito: <a href=\"https:\/\/educacao.ufpr.br\/tessitura\/publicacoes\/e-books\/\" target=\"_blank\" rel=\"noopener\">AQUI<\/a><\/p>\n<p>&nbsp;<\/p>\n<p><img fetchpriority=\"high\" decoding=\"async\" class=\"alignnone wp-image-119\" src=\"https:\/\/educacao.ufpr.br\/tessitura\/wp-content\/uploads\/sites\/11\/2021\/09\/Lan\u00e7amento_e-book_2021.jpg\" alt=\"\" width=\"429\" height=\"322\" srcset=\"https:\/\/educacao.ufpr.br\/tessitura\/wp-content\/uploads\/sites\/11\/2021\/09\/Lan\u00e7amento_e-book_2021.jpg 7680w, https:\/\/educacao.ufpr.br\/tessitura\/wp-content\/uploads\/sites\/11\/2021\/09\/Lan\u00e7amento_e-book_2021-300x225.jpg 300w, https:\/\/educacao.ufpr.br\/tessitura\/wp-content\/uploads\/sites\/11\/2021\/09\/Lan\u00e7amento_e-book_2021-768x576.jpg 768w, https:\/\/educacao.ufpr.br\/tessitura\/wp-content\/uploads\/sites\/11\/2021\/09\/Lan\u00e7amento_e-book_2021-1024x768.jpg 1024w\" sizes=\"(max-width: 429px) 100vw, 429px\" \/><\/p>\n<p>&nbsp;<\/p>\n","protected":false},"excerpt":{"rendered":"<p>Lan\u00e7amento E-book &#8211; conversa com os autores 27\/09\/2021 16:30 \u00e0s 17:30 Sala virtual: AQUI\u00a0&#8211; Plataforma Teams Obra para download gratuito: AQUI &nbsp; &nbsp;<\/p>\n","protected":false},"author":1076,"featured_media":0,"comment_status":"open","ping_status":"open","sticky":false,"template":"","format":"standard","meta":{"_acf_changed":false,"footnotes":""},"categories":[1],"tags":[],"class_list":["post-118","post","type-post","status-publish","format-standard","hentry","category-sem-categoria"],"acf":[],"_links":{"self":[{"href":"https:\/\/educacao.ufpr.br\/tessitura\/wp-json\/wp\/v2\/posts\/118","targetHints":{"allow":["GET"]}}],"collection":[{"href":"https:\/\/educacao.ufpr.br\/tessitura\/wp-json\/wp\/v2\/posts"}],"about":[{"href":"https:\/\/educacao.ufpr.br\/tessitura\/wp-json\/wp\/v2\/types\/post"}],"author":[{"embeddable":true,"href":"https:\/\/educacao.ufpr.br\/tessitura\/wp-json\/wp\/v2\/users\/1076"}],"replies":[{"embeddable":true,"href":"https:\/\/educacao.ufpr.br\/tessitura\/wp-json\/wp\/v2\/comments?post=118"}],"version-history":[{"count":4,"href":"https:\/\/educacao.ufpr.br\/tessitura\/wp-json\/wp\/v2\/posts\/118\/revisions"}],"predecessor-version":[{"id":123,"href":"https:\/\/educacao.ufpr.br\/tessitura\/wp-json\/wp\/v2\/posts\/118\/revisions\/123"}],"wp:attachment":[{"href":"https:\/\/educacao.ufpr.br\/tessitura\/wp-json\/wp\/v2\/media?parent=118"}],"wp:term":[{"taxonomy":"category","embeddable":true,"href":"https:\/\/educacao.ufpr.br\/tessitura\/wp-json\/wp\/v2\/categories?post=118"},{"taxonomy":"post_tag","embeddable":true,"href":"https:\/\/educacao.ufpr.br\/tessitura\/wp-json\/wp\/v2\/tags?post=118"}],"curies":[{"name":"wp","href":"https:\/\/api.w.org\/{rel}","templated":true}]}}