{"id":88,"date":"2021-06-25T15:07:53","date_gmt":"2021-06-25T15:07:53","guid":{"rendered":"https:\/\/educacao.ufpr.br\/tessitura\/?p=88"},"modified":"2021-06-25T15:07:53","modified_gmt":"2021-06-25T15:07:53","slug":"defesa-de-tese-de-doutorado-heliza-colaco-goes","status":"publish","type":"post","link":"https:\/\/educacao.ufpr.br\/tessitura\/2021\/06\/25\/defesa-de-tese-de-doutorado-heliza-colaco-goes\/","title":{"rendered":"Defesa de tese de doutorado &#8211;  Heliza Cola\u00e7o G\u00f3es"},"content":{"rendered":"<p>Dia 30 de junho \u00e0s 9h (hor\u00e1rio de Bras\u00edlia) ocorrer\u00e1 a defesa de doutorado de Heliza Cola\u00e7o G\u00f3es.  &#8211; Demais informa\u00e7\u00f5es est\u00e3o na aba AGENDA &#8211; Defesas.<\/p>\n","protected":false},"excerpt":{"rendered":"<p>Dia 30 de junho \u00e0s 9h (hor\u00e1rio de Bras\u00edlia) ocorrer\u00e1 a defesa de doutorado de Heliza Cola\u00e7o G\u00f3es. &#8211; Demais informa\u00e7\u00f5es est\u00e3o na aba AGENDA &#8211; Defesas.<\/p>\n","protected":false},"author":1076,"featured_media":0,"comment_status":"open","ping_status":"open","sticky":false,"template":"","format":"standard","meta":{"_acf_changed":false,"footnotes":""},"categories":[1],"tags":[],"class_list":["post-88","post","type-post","status-publish","format-standard","hentry","category-sem-categoria"],"acf":[],"_links":{"self":[{"href":"https:\/\/educacao.ufpr.br\/tessitura\/wp-json\/wp\/v2\/posts\/88","targetHints":{"allow":["GET"]}}],"collection":[{"href":"https:\/\/educacao.ufpr.br\/tessitura\/wp-json\/wp\/v2\/posts"}],"about":[{"href":"https:\/\/educacao.ufpr.br\/tessitura\/wp-json\/wp\/v2\/types\/post"}],"author":[{"embeddable":true,"href":"https:\/\/educacao.ufpr.br\/tessitura\/wp-json\/wp\/v2\/users\/1076"}],"replies":[{"embeddable":true,"href":"https:\/\/educacao.ufpr.br\/tessitura\/wp-json\/wp\/v2\/comments?post=88"}],"version-history":[{"count":1,"href":"https:\/\/educacao.ufpr.br\/tessitura\/wp-json\/wp\/v2\/posts\/88\/revisions"}],"predecessor-version":[{"id":89,"href":"https:\/\/educacao.ufpr.br\/tessitura\/wp-json\/wp\/v2\/posts\/88\/revisions\/89"}],"wp:attachment":[{"href":"https:\/\/educacao.ufpr.br\/tessitura\/wp-json\/wp\/v2\/media?parent=88"}],"wp:term":[{"taxonomy":"category","embeddable":true,"href":"https:\/\/educacao.ufpr.br\/tessitura\/wp-json\/wp\/v2\/categories?post=88"},{"taxonomy":"post_tag","embeddable":true,"href":"https:\/\/educacao.ufpr.br\/tessitura\/wp-json\/wp\/v2\/tags?post=88"}],"curies":[{"name":"wp","href":"https:\/\/api.w.org\/{rel}","templated":true}]}}